{"id":22517,"date":"2022-07-06T17:43:26","date_gmt":"2022-07-06T15:43:26","guid":{"rendered":"https:\/\/bisbalpenedes.com\/web\/?p=22517"},"modified":"2022-07-06T17:43:26","modified_gmt":"2022-07-06T15:43:26","slug":"dema-dijous-7-de-juliol-hi-haura-taller-gratuit-de-defensa-personal-al-cmc-per-a-totes-les-edats","status":"publish","type":"post","link":"https:\/\/bisbalpenedes.com\/web\/2022\/07\/06\/dema-dijous-7-de-juliol-hi-haura-taller-gratuit-de-defensa-personal-al-cmc-per-a-totes-les-edats\/","title":{"rendered":"Dem\u00e0 dijous 7 de juliol hi haur\u00e0 taller gratu\u00eft de defensa personal al CMC &#8211; Per a totes les edats"},"content":{"rendered":"\n<p>Dem\u00e0 dijous 7 de juliol, de 19h a 21h, podeu participar en el taller gratu\u00eft de defensa personal, al CMC. \u00c9s obert a persones de totes les edats. No hi falteu!<\/p>\n\n\n\n<hr class=\"wp-block-separator has-alpha-channel-opacity\"\/>\n\n\n\n<p>Ma\u00f1ana jueves 7 de julio, de 19h a 21h, pod\u00e9is participar en el taller gratuito de defensa personal, en el CMC. Es abierto a personas de todas las edades. \u00a1No falt\u00e9is!<\/p>\n","protected":false},"excerpt":{"rendered":"<p>Dem\u00e0 dijous 7 de juliol, de 19h a 21h, podeu participar en el taller gratu\u00eft de defensa personal, al CMC. \u00c9s obert a persones de totes les edats. No hi &hellip; <a href=\"https:\/\/bisbalpenedes.com\/web\/2022\/07\/06\/dema-dijous-7-de-juliol-hi-haura-taller-gratuit-de-defensa-personal-al-cmc-per-a-totes-les-edats\/\" class=\"more-link\">Read More<\/a><\/p>\n","protected":false},"author":4,"featured_media":22518,"comment_status":"closed","ping_status":"closed","sticky":false,"template":"","format":"standard","meta":[],"categories":[3851,8],"tags":[459,2930,5338,393,172],"_links":{"self":[{"href":"https:\/\/bisbalpenedes.com\/web\/wp-json\/wp\/v2\/posts\/22517"}],"collection":[{"href":"https:\/\/bisbalpenedes.com\/web\/wp-json\/wp\/v2\/posts"}],"about":[{"href":"https:\/\/bisbalpenedes.com\/web\/wp-json\/wp\/v2\/types\/post"}],"author":[{"embeddable":true,"href":"https:\/\/bisbalpenedes.com\/web\/wp-json\/wp\/v2\/users\/4"}],"replies":[{"embeddable":true,"href":"https:\/\/bisbalpenedes.com\/web\/wp-json\/wp\/v2\/comments?post=22517"}],"version-history":[{"count":1,"href":"https:\/\/bisbalpenedes.com\/web\/wp-json\/wp\/v2\/posts\/22517\/revisions"}],"predecessor-version":[{"id":22519,"href":"https:\/\/bisbalpenedes.com\/web\/wp-json\/wp\/v2\/posts\/22517\/revisions\/22519"}],"wp:featuredmedia":[{"embeddable":true,"href":"https:\/\/bisbalpenedes.com\/web\/wp-json\/wp\/v2\/media\/22518"}],"wp:attachment":[{"href":"https:\/\/bisbalpenedes.com\/web\/wp-json\/wp\/v2\/media?parent=22517"}],"wp:term":[{"taxonomy":"category","embeddable":true,"href":"https:\/\/bisbalpenedes.com\/web\/wp-json\/wp\/v2\/categories?post=22517"},{"taxonomy":"post_tag","embeddable":true,"href":"https:\/\/bisbalpenedes.com\/web\/wp-json\/wp\/v2\/tags?post=22517"}],"curies":[{"name":"wp","href":"https:\/\/api.w.org\/{rel}","templated":true}]}}