{"id":22500,"date":"2022-07-06T10:54:51","date_gmt":"2022-07-06T08:54:51","guid":{"rendered":"https:\/\/bisbalpenedes.com\/web\/?p=22500"},"modified":"2022-07-06T12:13:24","modified_gmt":"2022-07-06T10:13:24","slug":"saproven-les-bases-del-proces-selectiu-per-a-5-places-de-brigada-municipal-concurs-per-merits","status":"publish","type":"post","link":"https:\/\/bisbalpenedes.com\/web\/2022\/07\/06\/saproven-les-bases-del-proces-selectiu-per-a-5-places-de-brigada-municipal-concurs-per-merits\/","title":{"rendered":"S&#8217;aproven les bases del proc\u00e9s selectiu per a 5 places de brigada municipal (concurs per m\u00e8rits)"},"content":{"rendered":"\n<p>El dilluns 4 de juliol es van aprovar, per Decret d&#8217;alcaldia, les bases de cinc places de brigada municipal de l&#8217;Ajuntament de la Bisbal del Pened\u00e8s. Concretament es van aprovar les seg\u00fcents:<\/p>\n\n\n\n<ul><li>Bases espec\u00edfiques del proc\u00e9s selectiu, mitjan\u00e7ant concurs lliure, per a la provisi\u00f3 d\u20191 pla\u00e7a de pe\u00f3 de brigada (enllumenat), grup AP, en r\u00e8gim laboral fix: <a href=\"https:\/\/bisbalpenedes.com\/web\/wp-content\/uploads\/2022\/07\/BASES-ENLLUMENAT.pdf\">https:\/\/bisbalpenedes.com\/web\/wp-content\/uploads\/2022\/07\/BASES-ENLLUMENAT.pdf<\/a><\/li><li>Bases espec\u00edfiques del proc\u00e9s selectiu, mitjan\u00e7ant concurs lliure, per a la provisi\u00f3 de 2 places de pe\u00f3 de<br>brigada (jardineria i neteja vi\u00e0ria), grup AP, en r\u00e8gim laboral fix: <a rel=\"noreferrer noopener\" href=\"https:\/\/bisbalpenedes.com\/web\/wp-content\/uploads\/2022\/07\/BASES-JARDINERIA-I-NETEJA-VIARIA.pdf\" target=\"_blank\">https:\/\/bisbalpenedes.com\/web\/wp-content\/uploads\/2022\/07\/BASES-JARDINERIA-I-NETEJA-VIARIA.pdf<\/a><\/li><li>Bases espec\u00edfiques del proc\u00e9s selectiu, mitjan\u00e7ant concurs lliure, per a la provisi\u00f3 de 2 places de pe\u00f3 de brigada (obres i reparacions), grup AP, en r\u00e8gim laboral fix: <a href=\"https:\/\/bisbalpenedes.com\/web\/wp-content\/uploads\/2022\/07\/BASES-OBRES-I-REPARACIONS.pdf\">https:\/\/bisbalpenedes.com\/web\/wp-content\/uploads\/2022\/07\/BASES-OBRES-I-REPARACIONS.pdf<\/a><\/li><\/ul>\n\n\n\n<p>L&#8217;Ajuntament ha enviat a publicar al Diari Oficial de la Generalitat de Catalunya (DOGC) les bases i, quan surtin publicades, comen\u00e7ar\u00e0 el termini perqu\u00e8 les persones interessades s&#8217;hi puguin presentar.<\/p>\n\n\n\n<p>Es tracta de cinc places que ara estan ocupades. La Mesa de negociaci\u00f3 del personal municipal, celebrada el passat 27 de juny, va avan\u00e7ar en la confecci\u00f3 de les bases espec\u00edfiques de la brigada municipal. Es va prendre nota de les propostes realitzades des dels sindicats amb l&#8217;objectiu de preparar la proposta definitiva, la qual s&#8217;ha aprovat per Decret i, alhora, va ser enviada per correu electr\u00f2nic als membres de la mesa de negociaci\u00f3.<\/p>\n\n\n\n<hr class=\"wp-block-separator has-alpha-channel-opacity\"\/>\n\n\n\n<p><strong>CASTELLANO |<\/strong>&nbsp;El lunes 4 de julio se aprobaron, por Decreto de alcald\u00eda, las bases de cinco plazas de brigada municipal del Ayuntamiento de la Bisbal del Pened\u00e8s. Concretamente, se aprobaron las siguientes:<\/p>\n\n\n\n<ul><li>-Bases espec\u00edficas del proceso selectivo, mediante concurso libre, para la provisi\u00f3n de 1 plaza de pe\u00f3n de brigada (alumbrado), grupo AP, en r\u00e9gimen laboral fijo: <a href=\"https:\/\/bisbalpenedes.com\/web\/wp-content\/uploads\/2022\/07\/BASES-ENLLUMENAT.pdf\">https:\/\/bisbalpenedes.com\/web\/wp-content\/uploads\/2022\/07\/BASES-ENLLUMENAT.pdf<\/a><\/li><li>-Bases espec\u00edficas del proceso selectivo, mediante concurso libre, para la provisi\u00f3n de 2 plazas de pe\u00f3n de brigada (jardiner\u00eda y limpieza vial), grupo AP, en r\u00e9gimen laboral fijo: <a rel=\"noreferrer noopener\" href=\"https:\/\/bisbalpenedes.com\/web\/wp-content\/uploads\/2022\/07\/BASES-JARDINERIA-I-NETEJA-VIARIA.pdf\" target=\"_blank\">https:\/\/bisbalpenedes.com\/web\/wp-content\/uploads\/2022\/07\/BASES-JARDINERIA-I-NETEJA-VIARIA.pdf<\/a><\/li><li>-Bases espec\u00edficas del proceso selectivo, mediante concurso libre, para la provisi\u00f3n de 2 plazas de pe\u00f3n de brigada (obras y reparaciones), grupo AP, en r\u00e9gimen laboral fijo: <a href=\"https:\/\/bisbalpenedes.com\/web\/wp-content\/uploads\/2022\/07\/BASES-OBRES-I-REPARACIONS.pdf\" target=\"_blank\" rel=\"noreferrer noopener\">https:\/\/bisbalpenedes.com\/web\/wp-content\/uploads\/2022\/07\/BASES-OBRES-I-REPARACIONS.pdf<\/a><\/li><\/ul>\n\n\n\n<p>El Ayuntamiento ha enviado a publicar al Diario Oficial de la Generalitat de Catalunya (DOGC) las bases y, cuando salgan publicadas, empezar\u00e1 el plazo para que las personas interesadas se puedan presentar.<\/p>\n\n\n\n<p>Se trata de cinco plazas que ahora est\u00e1n ocupadas. La Mesa de negociaci\u00f3n del personal municipal, celebrada el pasado 27 de junio, avanz\u00f3 en la confecci\u00f3n de las bases espec\u00edficas de la brigada municipal. Se tom\u00f3 nota de las propuestas realizadas desde los sindicatos con el objetivo de preparar la propuesta definitiva, la cual se ha aprobado por Decreto y, a la vez, fue enviada por correo electr\u00f3nico a los miembros de la mesa de negociaci\u00f3n.<\/p>\n","protected":false},"excerpt":{"rendered":"<p>El dilluns 4 de juliol es van aprovar, per Decret d&#8217;alcaldia, les bases de cinc places de brigada municipal de l&#8217;Ajuntament de la Bisbal del Pened\u00e8s. Concretament es van aprovar &hellip; <a href=\"https:\/\/bisbalpenedes.com\/web\/2022\/07\/06\/saproven-les-bases-del-proces-selectiu-per-a-5-places-de-brigada-municipal-concurs-per-merits\/\" class=\"more-link\">Read More<\/a><\/p>\n","protected":false},"author":4,"featured_media":22503,"comment_status":"closed","ping_status":"closed","sticky":false,"template":"","format":"standard","meta":[],"categories":[2402,8],"tags":[459,176,2462,1106,1422,393,2215,21,4005],"_links":{"self":[{"href":"https:\/\/bisbalpenedes.com\/web\/wp-json\/wp\/v2\/posts\/22500"}],"collection":[{"href":"https:\/\/bisbalpenedes.com\/web\/wp-json\/wp\/v2\/posts"}],"about":[{"href":"https:\/\/bisbalpenedes.com\/web\/wp-json\/wp\/v2\/types\/post"}],"author":[{"embeddable":true,"href":"https:\/\/bisbalpenedes.com\/web\/wp-json\/wp\/v2\/users\/4"}],"replies":[{"embeddable":true,"href":"https:\/\/bisbalpenedes.com\/web\/wp-json\/wp\/v2\/comments?post=22500"}],"version-history":[{"count":6,"href":"https:\/\/bisbalpenedes.com\/web\/wp-json\/wp\/v2\/posts\/22500\/revisions"}],"predecessor-version":[{"id":22515,"href":"https:\/\/bisbalpenedes.com\/web\/wp-json\/wp\/v2\/posts\/22500\/revisions\/22515"}],"wp:featuredmedia":[{"embeddable":true,"href":"https:\/\/bisbalpenedes.com\/web\/wp-json\/wp\/v2\/media\/22503"}],"wp:attachment":[{"href":"https:\/\/bisbalpenedes.com\/web\/wp-json\/wp\/v2\/media?parent=22500"}],"wp:term":[{"taxonomy":"category","embeddable":true,"href":"https:\/\/bisbalpenedes.com\/web\/wp-json\/wp\/v2\/categories?post=22500"},{"taxonomy":"post_tag","embeddable":true,"href":"https:\/\/bisbalpenedes.com\/web\/wp-json\/wp\/v2\/tags?post=22500"}],"curies":[{"name":"wp","href":"https:\/\/api.w.org\/{rel}","templated":true}]}}