{"id":22468,"date":"2022-07-01T20:17:02","date_gmt":"2022-07-01T18:17:02","guid":{"rendered":"https:\/\/bisbalpenedes.com\/web\/?p=22468"},"modified":"2022-07-01T20:17:02","modified_gmt":"2022-07-01T18:17:02","slug":"sinstallen-3-pistes-de-petanca-a-la-miralba-aquest-cap-de-setmana-hi-haura-torneig-de-petanca-i-de-domino","status":"publish","type":"post","link":"https:\/\/bisbalpenedes.com\/web\/2022\/07\/01\/sinstallen-3-pistes-de-petanca-a-la-miralba-aquest-cap-de-setmana-hi-haura-torneig-de-petanca-i-de-domino\/","title":{"rendered":"S&#8217;instal\u00b7len 3 pistes de petanca a La Miralba &#8211; Aquest cap de setmana hi haur\u00e0 torneig de petanca i de d\u00f2mino"},"content":{"rendered":"\n<p>L&#8217;Ajuntament de la Bisbal del Pened\u00e8s ha instal\u00b7lat 3 pistes de petanca al terreny ubicat al costat del local social de la Miralba. En aquest espai ja hi havia dues pistes de petanca, per\u00f2 quan es va aplanar la parcel\u00b7la, es van haver de treure. Aprofitant que es tornaven a fer, se n&#8217;ha fet una m\u00e9s.&nbsp;<\/p>\n\n\n\n<p>Durant aquest cap de setmana es jugar\u00e0 un campionat de petanca en aquest espai i un de d\u00f2mino al local. &nbsp;<\/p>\n\n\n\n<p>Horaris: Dissabte, a partir de les 10h, campionat de petanca i de d\u00f2mino. Diumenge a partir de les 10h, petanca infantil.<\/p>\n\n\n\n<hr class=\"wp-block-separator has-alpha-channel-opacity\"\/>\n\n\n\n<p>El Ayuntamiento de la Bisbal del Pened\u00e8s ha instalado 3 pistas de petanca en el terreno ubicado al lado del local social de la Miralba. En este espacio ya hab\u00eda dos pistas de petanca, pero cuando se aplan\u00f3 la parcela, se tuvieron que quitar.<\/p>\n\n\n\n<p>Aprovechando que se volv\u00edan a hacer, se ha hecho una m\u00e1s.&nbsp;<\/p>\n\n\n\n<p>Durante este fin de semana se jugar\u00e1 un campeonato de petanca en este espacio y uno de d\u00f3mino en el local social.<\/p>\n\n\n\n<p>Horarios: s\u00e1bado, a partir de las 10h, campeonato de petanca y de d\u00f3mino. Domingo, a partir de las 10h, petanca infantil.<\/p>\n","protected":false},"excerpt":{"rendered":"<p>L&#8217;Ajuntament de la Bisbal del Pened\u00e8s ha instal\u00b7lat 3 pistes de petanca al terreny ubicat al costat del local social de la Miralba. En aquest espai ja hi havia dues &hellip; <a href=\"https:\/\/bisbalpenedes.com\/web\/2022\/07\/01\/sinstallen-3-pistes-de-petanca-a-la-miralba-aquest-cap-de-setmana-hi-haura-torneig-de-petanca-i-de-domino\/\" class=\"more-link\">Read More<\/a><\/p>\n","protected":false},"author":4,"featured_media":22469,"comment_status":"closed","ping_status":"closed","sticky":false,"template":"","format":"standard","meta":[],"categories":[4287,8],"tags":[459,2537,5380,393,246,5379],"_links":{"self":[{"href":"https:\/\/bisbalpenedes.com\/web\/wp-json\/wp\/v2\/posts\/22468"}],"collection":[{"href":"https:\/\/bisbalpenedes.com\/web\/wp-json\/wp\/v2\/posts"}],"about":[{"href":"https:\/\/bisbalpenedes.com\/web\/wp-json\/wp\/v2\/types\/post"}],"author":[{"embeddable":true,"href":"https:\/\/bisbalpenedes.com\/web\/wp-json\/wp\/v2\/users\/4"}],"replies":[{"embeddable":true,"href":"https:\/\/bisbalpenedes.com\/web\/wp-json\/wp\/v2\/comments?post=22468"}],"version-history":[{"count":1,"href":"https:\/\/bisbalpenedes.com\/web\/wp-json\/wp\/v2\/posts\/22468\/revisions"}],"predecessor-version":[{"id":22470,"href":"https:\/\/bisbalpenedes.com\/web\/wp-json\/wp\/v2\/posts\/22468\/revisions\/22470"}],"wp:featuredmedia":[{"embeddable":true,"href":"https:\/\/bisbalpenedes.com\/web\/wp-json\/wp\/v2\/media\/22469"}],"wp:attachment":[{"href":"https:\/\/bisbalpenedes.com\/web\/wp-json\/wp\/v2\/media?parent=22468"}],"wp:term":[{"taxonomy":"category","embeddable":true,"href":"https:\/\/bisbalpenedes.com\/web\/wp-json\/wp\/v2\/categories?post=22468"},{"taxonomy":"post_tag","embeddable":true,"href":"https:\/\/bisbalpenedes.com\/web\/wp-json\/wp\/v2\/tags?post=22468"}],"curies":[{"name":"wp","href":"https:\/\/api.w.org\/{rel}","templated":true}]}}