{"id":22461,"date":"2022-07-01T18:31:42","date_gmt":"2022-07-01T16:31:42","guid":{"rendered":"https:\/\/bisbalpenedes.com\/web\/?p=22461"},"modified":"2022-07-01T18:31:42","modified_gmt":"2022-07-01T16:31:42","slug":"es-convoca-la-comissio-especial-de-comptes-de-lexercici-2021","status":"publish","type":"post","link":"https:\/\/bisbalpenedes.com\/web\/2022\/07\/01\/es-convoca-la-comissio-especial-de-comptes-de-lexercici-2021\/","title":{"rendered":"Es convoca la Comissi\u00f3 Especial de Comptes de l&#8217;Exercici 2021"},"content":{"rendered":"\n<p>Avui divendres 1 de juliol s&#8217;ha convocat la Comissi\u00f3 Especial de Comptes de l&#8217;exercici 2021. Aquesta, se celebrar\u00e0 el 29 de juliol, a les 10h, a l&#8217;Ajuntament de la Bisbal del Pened\u00e8s.<\/p>\n\n\n\n<p>La Comissi\u00f3 Especial de Comptes t\u00e9 l&#8217;objectiu d&#8217;examinar, estudiar i informar del Compte General anual del Pressupost de l&#8217;Ajuntament de la Bisbal del Pened\u00e8s en compliment d&#8217;all\u00f2 qu\u00e8 disposa la Llei i el ROM. La convocat\u00f2ria es fa amb m\u00e9s de quinze dies d&#8217;antelaci\u00f3 amb la finalitat que els regidors i les regidores puguin consultar la documentaci\u00f3 de l&#8217;expedient, tant electr\u00f2nicament com presencialment.<\/p>\n\n\n\n<p>La Comissi\u00f3 de Comptes est\u00e0 integrada per un membre de cada grup pol\u00edtic de la Corporaci\u00f3 amb vot ponderat. En aquest cas:<\/p>\n\n\n\n<ul><li>Feliu Gil en representaci\u00f3 de Comprom\u00eds amb la Bisbal (6 vots ponderats)<\/li><li>Daniel Caballero en representaci\u00f3 del PSC (2 vots ponderats)<\/li><li>Xavier Faura en representaci\u00f3 d\u2019Units per la Bisbal-FIC (1 vot ponderat)<\/li><li>Maguy Antol\u00edn en representaci\u00f3 d\u2019Ara la Bisbal (1 vot ponderat)<\/li><li>S\u00edlvia Monfort en representaci\u00f3 d\u2019ERC-AM (1 vot ponderat)<\/li><\/ul>\n\n\n\n<p>Tamb\u00e9 pren part de la Comissi\u00f3 de comptes l\u2019alcaldessa de la Bisbal del Pened\u00e8s, Agn\u00e8s Ferr\u00e9, com a presidenta.<\/p>\n\n\n\n<hr class=\"wp-block-separator has-alpha-channel-opacity\"\/>\n\n\n\n<p><strong>CASTELLANO |<\/strong> Hoy viernes 1 de julio se ha convocado la Comisi\u00f3n Especial de Cuentas del ejercicio 2021. Esta, se celebrar\u00e1 el 29 de julio, a las 10h, en el Ayuntamiento de la Bisbal del Pened\u00e8s.<\/p>\n\n\n\n<p>La Comisi\u00f3n Especial de Cuentas tiene el objetivo de examinar, estudiar e informar de la Cuenta General anual del Presupuesto del Ayuntamiento de la Bisbal del Pened\u00e8s en cumplimiento con lo que dispone la Ley y el ROM. La convocatoria se hace con m\u00e1s de quince d\u00edas de antelaci\u00f3n con la finalidad de que los concejales y concejalas puedan consultar la documentaci\u00f3n del expediente, tanto electr\u00f3nicamente como presencialmente.<\/p>\n\n\n\n<p>La Comisi\u00f3n de Cuentas est\u00e1 integrada por un miembro de cada grupo pol\u00edtico de la Corporaci\u00f3n con voto ponderado. En esta caso:<\/p>\n\n\n\n<ul><li>Feliu Gil en representaci\u00f3n de Comprom\u00eds amb la Bisbal (6 votos ponderados)<\/li><li>Daniel Caballero en representaci\u00f3n del PSC (2 votos ponderados)<\/li><li>Xavier Faura en representaci\u00f3n de Units per la Bisbal-FIC (1 voto ponderado)<\/li><li>Maguy Antol\u00edn en representaci\u00f3n de Ara la Bisbal (1 voto ponderado)<\/li><li>S\u00edlvia Monfort en representaci\u00f3n de ERC-AM (1 voto ponderado)<\/li><\/ul>\n\n\n\n<p>Tambi\u00e9n toma parte de la Comisi\u00f3n de cuentas la alcaldesa de la Bisbal del Pened\u00e8s, Agn\u00e8s Ferr\u00e9, como presidenta.<\/p>\n","protected":false},"excerpt":{"rendered":"<p>Avui divendres 1 de juliol s&#8217;ha convocat la Comissi\u00f3 Especial de Comptes de l&#8217;exercici 2021. Aquesta, se celebrar\u00e0 el 29 de juliol, a les 10h, a l&#8217;Ajuntament de la Bisbal &hellip; <a href=\"https:\/\/bisbalpenedes.com\/web\/2022\/07\/01\/es-convoca-la-comissio-especial-de-comptes-de-lexercici-2021\/\" class=\"more-link\">Read More<\/a><\/p>\n","protected":false},"author":4,"featured_media":22465,"comment_status":"closed","ping_status":"closed","sticky":false,"template":"","format":"standard","meta":[],"categories":[8],"tags":[],"_links":{"self":[{"href":"https:\/\/bisbalpenedes.com\/web\/wp-json\/wp\/v2\/posts\/22461"}],"collection":[{"href":"https:\/\/bisbalpenedes.com\/web\/wp-json\/wp\/v2\/posts"}],"about":[{"href":"https:\/\/bisbalpenedes.com\/web\/wp-json\/wp\/v2\/types\/post"}],"author":[{"embeddable":true,"href":"https:\/\/bisbalpenedes.com\/web\/wp-json\/wp\/v2\/users\/4"}],"replies":[{"embeddable":true,"href":"https:\/\/bisbalpenedes.com\/web\/wp-json\/wp\/v2\/comments?post=22461"}],"version-history":[{"count":3,"href":"https:\/\/bisbalpenedes.com\/web\/wp-json\/wp\/v2\/posts\/22461\/revisions"}],"predecessor-version":[{"id":22466,"href":"https:\/\/bisbalpenedes.com\/web\/wp-json\/wp\/v2\/posts\/22461\/revisions\/22466"}],"wp:featuredmedia":[{"embeddable":true,"href":"https:\/\/bisbalpenedes.com\/web\/wp-json\/wp\/v2\/media\/22465"}],"wp:attachment":[{"href":"https:\/\/bisbalpenedes.com\/web\/wp-json\/wp\/v2\/media?parent=22461"}],"wp:term":[{"taxonomy":"category","embeddable":true,"href":"https:\/\/bisbalpenedes.com\/web\/wp-json\/wp\/v2\/categories?post=22461"},{"taxonomy":"post_tag","embeddable":true,"href":"https:\/\/bisbalpenedes.com\/web\/wp-json\/wp\/v2\/tags?post=22461"}],"curies":[{"name":"wp","href":"https:\/\/api.w.org\/{rel}","templated":true}]}}