{"id":22458,"date":"2022-07-04T13:27:00","date_gmt":"2022-07-04T11:27:00","guid":{"rendered":"https:\/\/bisbalpenedes.com\/web\/?p=22458"},"modified":"2022-07-05T20:03:20","modified_gmt":"2022-07-05T18:03:20","slug":"es-posa-en-marxa-la-cinquena-auditoria-ciutadana-de-lajuntament-de-la-bisbal-del-penedes","status":"publish","type":"post","link":"https:\/\/bisbalpenedes.com\/web\/2022\/07\/04\/es-posa-en-marxa-la-cinquena-auditoria-ciutadana-de-lajuntament-de-la-bisbal-del-penedes\/","title":{"rendered":"Es posa en marxa la cinquena Auditoria Ciutadana de l&#8217;Ajuntament de la Bisbal del Pened\u00e8s"},"content":{"rendered":"\n<p><br>La Junta de Govern del 13 de juny va seleccionar mitjan\u00e7ant sorteig, a petici\u00f3 de la Regidoria d&#8217;Hisenda, 10 persones majors de 18 anys i censades a la Bisbal del Pened\u00e8s perqu\u00e8 formin part de l&#8217;Auditoria Ciutadana de forma volunt\u00e0ria.<\/p>\n\n\n\n<p>L&#8217;alcaldessa de la Bisbal del Pened\u00e8s, Agn\u00e8s Ferr\u00e9, ha convocat aquestes persones a una reuni\u00f3 que servir\u00e0 per explicar el funcionament de l&#8217;Auditoria Ciutadana. Tal com es detalla al Reglament d&#8217;Organitzaci\u00f3 Municipal (ROM):<\/p>\n\n\n\n<p>&#8220;L&#8217;Auditoria Ciutadana no \u00e9s un \u00f2rgan col\u00b7legiat. L\u2019objectiu \u00e9s acostar els comptes municipals a la ciutadania. En la Junta de Govern Local anterior a la convocat\u00f2ria de la Comissi\u00f3 de comptes, es triaran aleat\u00f2riament pel cens 10 persones majors d\u2019edat que participaran com a convidats, de manera volunt\u00e0ria i com a oients, de la Comissi\u00f3 de Comptes (consultar factures, comptabilitat\u2026). Aquestes 10 persones rebran la notificaci\u00f3 de la Junta de Govern local conforme se\u2019ls convida a participar-hi. En la mateixa notificaci\u00f3 se\u2019ls citar\u00e0 a l\u2019Ajuntament perqu\u00e8 secretaria-intervenci\u00f3 i el\/la regidor\/a d\u2019Hisenda els expliquin el funcionament de la comissi\u00f3 de comptes. Podran consultar la documentaci\u00f3 de la comissi\u00f3 de comptes dins el termini dels 15 dies i assistir com a oients de la Comissi\u00f3 de Comptes\u201d.<\/p>\n\n\n\n<p>Les deu persones assistiran tamb\u00e9, com s&#8217;especifica al ROM, a la Comissi\u00f3 de Comptes del pressupost de l&#8217;any 2021, que se celebrar\u00e0 el 29 de juliol. Hi assistiran com a oients, no tindran ni veu ni vot.<\/p>\n\n\n\n<hr class=\"wp-block-separator has-alpha-channel-opacity\"\/>\n\n\n\n<p><strong>CASTELLANO <\/strong>| La Junta de Gobierno del 13 de junio seleccion\u00f3 mediante sorteo, a petici\u00f3n de la Concejal\u00eda de Hacienda, a 10 personas mayores de 18 a\u00f1os y censadas en la Bisbal del Pened\u00e8s para que formen parte de la Auditor\u00eda ciudadana de forma voluntaria.<\/p>\n\n\n\n<p>La alcaldesa de la Bisbal del Pened\u00e8s, Agn\u00e8s Ferr\u00e9, ha convocado a estas personas a una reuni\u00f3n que servir\u00e1 para explicar el funcionamiento de la Auditor\u00eda Ciudadana. Tal como se detalla en el Reglamento de Organizaci\u00f3n Municipal (ROM):<\/p>\n\n\n\n<p>&#8220;La Auditor\u00eda Ciudadana no es un \u00f3rgano colegiado. El objetivo es acercar las cuentas municipales a la ciudadan\u00eda. En la Junta de Gobierno Local anterior a la convocatoria de la Comisi\u00f3n de cuentas, se escoger\u00e1n aleatoriamente por el censo 10 personas mayores de edad que participar\u00e1n como invitadas, de manera voluntaria y como oyentes, en la Comisi\u00f3n de Cuentas (consultar facturas, contabilidad&#8230;). Estas 10 personas recibir\u00e1n la notificaci\u00f3n de la Junta de Gobierno local conforme se las invita a participar. En la misma notificaci\u00f3n se les citar\u00e1 en el Ayuntamiento para que secretaria-intervenci\u00f3n y el concejal\/a de Hacienda les expliquen el funcionamiento de la comisi\u00f3n de cuentas. Podr\u00e1n consultar la documentaci\u00f3n de la comisi\u00f3n de cuentas dentro del plazo de 15 d\u00edas y asistir como oyentes de la Comisi\u00f3n de Cuentas&#8221;.<\/p>\n\n\n\n<p>Las diez personas asistir\u00e1n tambi\u00e9n, como se especifica en el ROM, en la Comisi\u00f3n de Cuentas del presupuesto del a\u00f1o 2021, que se celebrar\u00e1 el 29 de julio. Asistir\u00e1n como oyentes, no tendr\u00e1n ni voz ni voto.<\/p>\n","protected":false},"excerpt":{"rendered":"<p>La Junta de Govern del 13 de juny va seleccionar mitjan\u00e7ant sorteig, a petici\u00f3 de la Regidoria d&#8217;Hisenda, 10 persones majors de 18 anys i censades a la Bisbal del &hellip; <a href=\"https:\/\/bisbalpenedes.com\/web\/2022\/07\/04\/es-posa-en-marxa-la-cinquena-auditoria-ciutadana-de-lajuntament-de-la-bisbal-del-penedes\/\" class=\"more-link\">Read More<\/a><\/p>\n","protected":false},"author":4,"featured_media":13539,"comment_status":"closed","ping_status":"closed","sticky":false,"template":"","format":"standard","meta":[],"categories":[2057,3835,3085,8],"tags":[2866,2074,459,893,2077,393],"_links":{"self":[{"href":"https:\/\/bisbalpenedes.com\/web\/wp-json\/wp\/v2\/posts\/22458"}],"collection":[{"href":"https:\/\/bisbalpenedes.com\/web\/wp-json\/wp\/v2\/posts"}],"about":[{"href":"https:\/\/bisbalpenedes.com\/web\/wp-json\/wp\/v2\/types\/post"}],"author":[{"embeddable":true,"href":"https:\/\/bisbalpenedes.com\/web\/wp-json\/wp\/v2\/users\/4"}],"replies":[{"embeddable":true,"href":"https:\/\/bisbalpenedes.com\/web\/wp-json\/wp\/v2\/comments?post=22458"}],"version-history":[{"count":3,"href":"https:\/\/bisbalpenedes.com\/web\/wp-json\/wp\/v2\/posts\/22458\/revisions"}],"predecessor-version":[{"id":22496,"href":"https:\/\/bisbalpenedes.com\/web\/wp-json\/wp\/v2\/posts\/22458\/revisions\/22496"}],"wp:featuredmedia":[{"embeddable":true,"href":"https:\/\/bisbalpenedes.com\/web\/wp-json\/wp\/v2\/media\/13539"}],"wp:attachment":[{"href":"https:\/\/bisbalpenedes.com\/web\/wp-json\/wp\/v2\/media?parent=22458"}],"wp:term":[{"taxonomy":"category","embeddable":true,"href":"https:\/\/bisbalpenedes.com\/web\/wp-json\/wp\/v2\/categories?post=22458"},{"taxonomy":"post_tag","embeddable":true,"href":"https:\/\/bisbalpenedes.com\/web\/wp-json\/wp\/v2\/tags?post=22458"}],"curies":[{"name":"wp","href":"https:\/\/api.w.org\/{rel}","templated":true}]}}