{"id":22450,"date":"2022-07-01T13:11:04","date_gmt":"2022-07-01T11:11:04","guid":{"rendered":"https:\/\/bisbalpenedes.com\/web\/?p=22450"},"modified":"2022-07-01T13:11:04","modified_gmt":"2022-07-01T11:11:04","slug":"saprova-inicialment-el-projecte-de-renovacio-parcial-de-la-xarxa-daigua-del-priorat-i-can-gordei-estara-en-exposicio-publica-fins-a-l11-dagost","status":"publish","type":"post","link":"https:\/\/bisbalpenedes.com\/web\/2022\/07\/01\/saprova-inicialment-el-projecte-de-renovacio-parcial-de-la-xarxa-daigua-del-priorat-i-can-gordei-estara-en-exposicio-publica-fins-a-l11-dagost\/","title":{"rendered":"S&#8217;aprova inicialment el projecte de renovaci\u00f3 parcial de la xarxa d&#8217;aigua del Priorat i Can Gordei &#8211; Estar\u00e0 en exposici\u00f3 p\u00fablica fins a l&#8217;11 d&#8217;agost"},"content":{"rendered":"\n<p>El passat dilluns 20 de juny l&#8217;alcaldessa Agn\u00e8s Ferr\u00e9 va signar un Decret d&#8217;Alcaldia per aprovar inicialment el projecte de renovaci\u00f3 parcial de la xarxa d&#8217;aigua del Priorat i Can Gordei per un import de 583.823,76\u20ac (IVA incl\u00f2s). Ara, aquest projecte s&#8217;ha publicat al BOP i estar\u00e0 en exposici\u00f3 p\u00fablica de l&#8217;1 de juliol a l&#8217;11 d&#8217;agost, ambd\u00f3s inclosos. &nbsp;Passat el termini d&#8217;exposici\u00f3 al p\u00fablic, es resoldran al\u00b7legacions -si n&#8217;hi ha- i s&#8217;aprovar\u00e0 definitivament. A partir d&#8217;aqu\u00ed, es preparar\u00e0 la licitaci\u00f3 de les obres.<\/p>\n\n\n\n<p>Enlla\u00e7 al BOPT:&nbsp;<a href=\"https:\/\/www.diputaciodetarragona.cat\/ebop\/index.php?op=dwn&amp;tipus=i&amp;data=20220630&amp;anyp=2022&amp;num=05604&amp;v=i\">https:\/\/www.diputaciodetarragona.cat\/ebop\/index.php?op=dwn&amp;tipus=i&amp;data=20220630&amp;anyp=2022&amp;num=05604&amp;v=i<\/a><\/p>\n\n\n\n<p>Enlla\u00e7 al portal de transpar\u00e8ncia, on es pot consultar el projecte:&nbsp;<a href=\"https:\/\/bisbalpenedes.eadministracio.cat\/?x=5sjo*h*0yCDS6k8OZAm9vyYTr-4LXwwY58CpOcnjFn1mMwCyxdGhG8dOvs3Pv2Qzqg7k-GEmjlacSfH8c4zzxQf1ja6ajkN-bwSP2Nisa3xXu1zQS3abuw\">https:\/\/bisbalpenedes.eadministracio.cat\/?x=5sjo*h*0yCDS6k8OZAm9vyYTr-4LXwwY58CpOcnjFn1mMwCyxdGhG8dOvs3Pv2Qzqg7k-GEmjlacSfH8c4zzxQf1ja6ajkN-bwSP2Nisa3xXu1zQS3abuw<\/a><\/p>\n\n\n\n<p>Tamb\u00e9 podeu consultar aquest enlla\u00e7: <a href=\"https:\/\/bisbalpenedes.com\/web\/2022\/06\/20\/lajuntament-licitara-les-obres-de-millora-de-la-xarxa-daigua-del-priorat-i-can-gordei-aquest-2022-per-un-import-de-583-82376e-iva-inclos\/\">https:\/\/bisbalpenedes.com\/web\/2022\/06\/20\/lajuntament-licitara-les-obres-de-millora-de-la-xarxa-daigua-del-priorat-i-can-gordei-aquest-2022-per-un-import-de-583-82376e-iva-inclos\/<\/a><\/p>\n\n\n\n<hr class=\"wp-block-separator has-alpha-channel-opacity\"\/>\n\n\n\n<p><strong>CASTELLANO |<\/strong> El pasado lunes 20 de junio la alcaldesa Agn\u00e8s Ferr\u00e9 firm\u00f3 un Decreto de Alcald\u00eda para aprobar inicialmente el proyecto de renovaci\u00f3n parcial de la red de agua del Priorat y Can Gordei por un importe de 583.823,76\u20ac (IVA incluido). Ahora, este proyecto se ha publicado en el BOP y estar\u00e1 en exposici\u00f3n p\u00fablica del 1 de julio al 11 de agosto, ambos incluidos. Pasado el plazo de exposici\u00f3n al p\u00fablico, se resolver\u00e1n alegaciones -si las hay- y se aprobar\u00e1 definitivamente. A partir de aqu\u00ed, se preparar\u00e1 la licitaci\u00f3n de las obras:<\/p>\n\n\n\n<p>Enlace al BOPT: <a href=\"https:\/\/www.diputaciodetarragona.cat\/ebop\/index.php?op=dwn&amp;tipus=i&amp;data=20220630&amp;anyp=2022&amp;num=05604&amp;v=i\">https:\/\/www.diputaciodetarragona.cat\/ebop\/index.php?op=dwn&amp;tipus=i&amp;data=20220630&amp;anyp=2022&amp;num=05604&amp;v=i<\/a><\/p>\n\n\n\n<p>Enlace al portal de transparencia, donde se puede consultar el proyecto: <a href=\"https:\/\/bisbalpenedes.eadministracio.cat\/?x=5sjo*h*0yCDS6k8OZAm9vyYTr-4LXwwY58CpOcnjFn1mMwCyxdGhG8dOvs3Pv2Qzqg7k-GEmjlacSfH8c4zzxQf1ja6ajkN-bwSP2Nisa3xXu1zQS3abuw\">https:\/\/bisbalpenedes.eadministracio.cat\/?x=5sjo*h*0yCDS6k8OZAm9vyYTr-4LXwwY58CpOcnjFn1mMwCyxdGhG8dOvs3Pv2Qzqg7k-GEmjlacSfH8c4zzxQf1ja6ajkN-bwSP2Nisa3xXu1zQS3abuw<\/a><\/p>\n\n\n\n<p>Tambi\u00e9n pod\u00e9is consultar este enlace: <a href=\"https:\/\/bisbalpenedes.com\/web\/2022\/06\/20\/lajuntament-licitara-les-obres-de-millora-de-la-xarxa-daigua-del-priorat-i-can-gordei-aquest-2022-per-un-import-de-583-82376e-iva-inclos\/\">https:\/\/bisbalpenedes.com\/web\/2022\/06\/20\/lajuntament-licitara-les-obres-de-millora-de-la-xarxa-daigua-del-priorat-i-can-gordei-aquest-2022-per-un-import-de-583-82376e-iva-inclos\/<\/a><\/p>\n","protected":false},"excerpt":{"rendered":"<p>El passat dilluns 20 de juny l&#8217;alcaldessa Agn\u00e8s Ferr\u00e9 va signar un Decret d&#8217;Alcaldia per aprovar inicialment el projecte de renovaci\u00f3 parcial de la xarxa d&#8217;aigua del Priorat i Can &hellip; <a href=\"https:\/\/bisbalpenedes.com\/web\/2022\/07\/01\/saprova-inicialment-el-projecte-de-renovacio-parcial-de-la-xarxa-daigua-del-priorat-i-can-gordei-estara-en-exposicio-publica-fins-a-l11-dagost\/\" class=\"more-link\">Read More<\/a><\/p>\n","protected":false},"author":4,"featured_media":22329,"comment_status":"closed","ping_status":"closed","sticky":false,"template":"","format":"standard","meta":[],"categories":[2057,8,3352],"tags":[393],"_links":{"self":[{"href":"https:\/\/bisbalpenedes.com\/web\/wp-json\/wp\/v2\/posts\/22450"}],"collection":[{"href":"https:\/\/bisbalpenedes.com\/web\/wp-json\/wp\/v2\/posts"}],"about":[{"href":"https:\/\/bisbalpenedes.com\/web\/wp-json\/wp\/v2\/types\/post"}],"author":[{"embeddable":true,"href":"https:\/\/bisbalpenedes.com\/web\/wp-json\/wp\/v2\/users\/4"}],"replies":[{"embeddable":true,"href":"https:\/\/bisbalpenedes.com\/web\/wp-json\/wp\/v2\/comments?post=22450"}],"version-history":[{"count":1,"href":"https:\/\/bisbalpenedes.com\/web\/wp-json\/wp\/v2\/posts\/22450\/revisions"}],"predecessor-version":[{"id":22451,"href":"https:\/\/bisbalpenedes.com\/web\/wp-json\/wp\/v2\/posts\/22450\/revisions\/22451"}],"wp:featuredmedia":[{"embeddable":true,"href":"https:\/\/bisbalpenedes.com\/web\/wp-json\/wp\/v2\/media\/22329"}],"wp:attachment":[{"href":"https:\/\/bisbalpenedes.com\/web\/wp-json\/wp\/v2\/media?parent=22450"}],"wp:term":[{"taxonomy":"category","embeddable":true,"href":"https:\/\/bisbalpenedes.com\/web\/wp-json\/wp\/v2\/categories?post=22450"},{"taxonomy":"post_tag","embeddable":true,"href":"https:\/\/bisbalpenedes.com\/web\/wp-json\/wp\/v2\/tags?post=22450"}],"curies":[{"name":"wp","href":"https:\/\/api.w.org\/{rel}","templated":true}]}}