{"id":22438,"date":"2022-06-29T08:24:00","date_gmt":"2022-06-29T06:24:00","guid":{"rendered":"https:\/\/bisbalpenedes.com\/web\/?p=22438"},"modified":"2022-07-01T13:23:08","modified_gmt":"2022-07-01T11:23:08","slug":"horari-destiu-del-consultori-medic-de-la-bisbal-del-penedes","status":"publish","type":"post","link":"https:\/\/bisbalpenedes.com\/web\/2022\/06\/29\/horari-destiu-del-consultori-medic-de-la-bisbal-del-penedes\/","title":{"rendered":"Horari d&#8217;estiu del consultori m\u00e8dic de la Bisbal del Pened\u00e8s"},"content":{"rendered":"\n<p>La Xarxa Santa Tecla ens ha informat de l&#8217;horari d&#8217;estiu del consultori m\u00e8dic de La Bisbal del Pened\u00e8s. El podeu consultar en la imatge adjunta.<\/p>\n\n\n\n<hr class=\"wp-block-separator has-alpha-channel-opacity\"\/>\n\n\n\n<p>La Xarxa Santa Tecla nos ha informado del horario de verano del consultorio m\u00e9dico de La Bisbal del Pened\u00e8s. Lo pod\u00e9is consultar en la imagen adjunta.<\/p>\n\n\n\n<figure class=\"wp-block-image size-large\"><img loading=\"lazy\" width=\"1024\" height=\"1024\" src=\"https:\/\/bisbalpenedes.com\/web\/wp-content\/uploads\/2022\/06\/HORARI-CONSULTORI-QUA-1024x1024.png\" alt=\"\" class=\"wp-image-22440\" srcset=\"https:\/\/bisbalpenedes.com\/web\/wp-content\/uploads\/2022\/06\/HORARI-CONSULTORI-QUA-1024x1024.png 1024w, https:\/\/bisbalpenedes.com\/web\/wp-content\/uploads\/2022\/06\/HORARI-CONSULTORI-QUA-300x300.png 300w, https:\/\/bisbalpenedes.com\/web\/wp-content\/uploads\/2022\/06\/HORARI-CONSULTORI-QUA-150x150.png 150w, https:\/\/bisbalpenedes.com\/web\/wp-content\/uploads\/2022\/06\/HORARI-CONSULTORI-QUA-768x768.png 768w, https:\/\/bisbalpenedes.com\/web\/wp-content\/uploads\/2022\/06\/HORARI-CONSULTORI-QUA-600x600.png 600w, https:\/\/bisbalpenedes.com\/web\/wp-content\/uploads\/2022\/06\/HORARI-CONSULTORI-QUA-100x100.png 100w, https:\/\/bisbalpenedes.com\/web\/wp-content\/uploads\/2022\/06\/HORARI-CONSULTORI-QUA.png 1080w\" sizes=\"(max-width: 1024px) 100vw, 1024px\" \/><\/figure>\n","protected":false},"excerpt":{"rendered":"<p>La Xarxa Santa Tecla ens ha informat de l&#8217;horari d&#8217;estiu del consultori m\u00e8dic de La Bisbal del Pened\u00e8s. El podeu consultar en la imatge adjunta. La Xarxa Santa Tecla nos &hellip; <a href=\"https:\/\/bisbalpenedes.com\/web\/2022\/06\/29\/horari-destiu-del-consultori-medic-de-la-bisbal-del-penedes\/\" class=\"more-link\">Read More<\/a><\/p>\n","protected":false},"author":4,"featured_media":22439,"comment_status":"closed","ping_status":"closed","sticky":false,"template":"","format":"standard","meta":[],"categories":[8,14],"tags":[2701,393,5376,5377,3885,145],"_links":{"self":[{"href":"https:\/\/bisbalpenedes.com\/web\/wp-json\/wp\/v2\/posts\/22438"}],"collection":[{"href":"https:\/\/bisbalpenedes.com\/web\/wp-json\/wp\/v2\/posts"}],"about":[{"href":"https:\/\/bisbalpenedes.com\/web\/wp-json\/wp\/v2\/types\/post"}],"author":[{"embeddable":true,"href":"https:\/\/bisbalpenedes.com\/web\/wp-json\/wp\/v2\/users\/4"}],"replies":[{"embeddable":true,"href":"https:\/\/bisbalpenedes.com\/web\/wp-json\/wp\/v2\/comments?post=22438"}],"version-history":[{"count":1,"href":"https:\/\/bisbalpenedes.com\/web\/wp-json\/wp\/v2\/posts\/22438\/revisions"}],"predecessor-version":[{"id":22441,"href":"https:\/\/bisbalpenedes.com\/web\/wp-json\/wp\/v2\/posts\/22438\/revisions\/22441"}],"wp:featuredmedia":[{"embeddable":true,"href":"https:\/\/bisbalpenedes.com\/web\/wp-json\/wp\/v2\/media\/22439"}],"wp:attachment":[{"href":"https:\/\/bisbalpenedes.com\/web\/wp-json\/wp\/v2\/media?parent=22438"}],"wp:term":[{"taxonomy":"category","embeddable":true,"href":"https:\/\/bisbalpenedes.com\/web\/wp-json\/wp\/v2\/categories?post=22438"},{"taxonomy":"post_tag","embeddable":true,"href":"https:\/\/bisbalpenedes.com\/web\/wp-json\/wp\/v2\/tags?post=22438"}],"curies":[{"name":"wp","href":"https:\/\/api.w.org\/{rel}","templated":true}]}}