{"id":22429,"date":"2022-06-29T20:23:12","date_gmt":"2022-06-29T18:23:12","guid":{"rendered":"https:\/\/bisbalpenedes.com\/web\/?p=22429"},"modified":"2022-06-29T20:23:12","modified_gmt":"2022-06-29T18:23:12","slug":"comencen-les-obres-per-a-la-installacio-dun-punt-de-recarrega-per-a-dos-vehicles-electrics-o-hibrids-endollables","status":"publish","type":"post","link":"https:\/\/bisbalpenedes.com\/web\/2022\/06\/29\/comencen-les-obres-per-a-la-installacio-dun-punt-de-recarrega-per-a-dos-vehicles-electrics-o-hibrids-endollables\/","title":{"rendered":"Comencen les obres per a la instal\u00b7laci\u00f3 d\u2019un punt de rec\u00e0rrega per a dos vehicles el\u00e8ctrics o h\u00edbrids endollables"},"content":{"rendered":"\n<p>Aquesta setmana han comen\u00e7at les obres d\u2019instal\u00b7laci\u00f3 d\u2019un punt de rec\u00e0rrega per a dos vehicles el\u00e8ctrics o h\u00edbrids endollables. Es tracta d\u2019un projecte fruit dels pressupostos participatius 2021 del nucli de la Bisbal el Pened\u00e8s.<br>Les obres es van aprovar per Junta de Govern per un import de 6.987,04\u20ac amb Endesa i el punt de rec\u00e0rrega s\u2019ha adquirit a trav\u00e9s de la Central de compres de l\u2019Associaci\u00f3 Catalana de Municipis i Comarques (ACM). Es tracta d\u2019un punt de rec\u00e0rrega exterior d\u2019Endesa amb dues sortides de rec\u00e0rrega i t\u00e9 un cost de 8.226,43\u20ac.<br>Una vegada estigui instal\u00b7lat us ho farem saber i us donarem tota la informaci\u00f3 sobre el seu funcionament.<\/p>\n\n\n\n<hr class=\"wp-block-separator has-alpha-channel-opacity\"\/>\n\n\n\n<figure class=\"wp-block-image size-large\"><img loading=\"lazy\" width=\"1024\" height=\"768\" src=\"https:\/\/bisbalpenedes.com\/web\/wp-content\/uploads\/2022\/06\/B89B50B0-9019-4D85-89F4-E4DC33FD3B80-1024x768.jpeg\" alt=\"\" class=\"wp-image-22430\" srcset=\"https:\/\/bisbalpenedes.com\/web\/wp-content\/uploads\/2022\/06\/B89B50B0-9019-4D85-89F4-E4DC33FD3B80-1024x768.jpeg 1024w, https:\/\/bisbalpenedes.com\/web\/wp-content\/uploads\/2022\/06\/B89B50B0-9019-4D85-89F4-E4DC33FD3B80-300x225.jpeg 300w, https:\/\/bisbalpenedes.com\/web\/wp-content\/uploads\/2022\/06\/B89B50B0-9019-4D85-89F4-E4DC33FD3B80-768x576.jpeg 768w, https:\/\/bisbalpenedes.com\/web\/wp-content\/uploads\/2022\/06\/B89B50B0-9019-4D85-89F4-E4DC33FD3B80-1536x1152.jpeg 1536w, https:\/\/bisbalpenedes.com\/web\/wp-content\/uploads\/2022\/06\/B89B50B0-9019-4D85-89F4-E4DC33FD3B80-600x450.jpeg 600w, https:\/\/bisbalpenedes.com\/web\/wp-content\/uploads\/2022\/06\/B89B50B0-9019-4D85-89F4-E4DC33FD3B80.jpeg 2048w\" sizes=\"(max-width: 1024px) 100vw, 1024px\" \/><\/figure>\n\n\n\n<p><br>CASTELLANO | Esta semana han empezado las obras de instalaci\u00f3n de un punto de recarga para dos veh\u00edculos el\u00e9ctricos o h\u00edbridos enchufables. Se trata de un proyecto fruto de los presupuestos participativos 2021 del n\u00facleo de la Bisbal del Pened\u00e8s.<br>Las obras se aprobaron por Junta de Gobierno por un importe de 6.987,04\u20ac con Endesa y el punto de recarga se ha adquirido a trav\u00e9s de la Central de compras de la Associaci\u00f3 Catalana de Municipis i Comarques (ACM). Se trata de un punto de recarga exterior de Endesa con dos salidas de recarga y tiene un coste de 8.226,43\u20ac.<br>Una vez est\u00e9 instalado os lo haremos saber y os daremos toda la informaci\u00f3n sobre su funcionamiento.<\/p>\n","protected":false},"excerpt":{"rendered":"<p>Aquesta setmana han comen\u00e7at les obres d\u2019instal\u00b7laci\u00f3 d\u2019un punt de rec\u00e0rrega per a dos vehicles el\u00e8ctrics o h\u00edbrids endollables. Es tracta d\u2019un projecte fruit dels pressupostos participatius 2021 del nucli &hellip; <a href=\"https:\/\/bisbalpenedes.com\/web\/2022\/06\/29\/comencen-les-obres-per-a-la-installacio-dun-punt-de-recarrega-per-a-dos-vehicles-electrics-o-hibrids-endollables\/\" class=\"more-link\">Read More<\/a><\/p>\n","protected":false},"author":4,"featured_media":22431,"comment_status":"closed","ping_status":"closed","sticky":false,"template":"","format":"standard","meta":[],"categories":[4287,3835,8],"tags":[5370,393,1048,5371,3675,5369],"_links":{"self":[{"href":"https:\/\/bisbalpenedes.com\/web\/wp-json\/wp\/v2\/posts\/22429"}],"collection":[{"href":"https:\/\/bisbalpenedes.com\/web\/wp-json\/wp\/v2\/posts"}],"about":[{"href":"https:\/\/bisbalpenedes.com\/web\/wp-json\/wp\/v2\/types\/post"}],"author":[{"embeddable":true,"href":"https:\/\/bisbalpenedes.com\/web\/wp-json\/wp\/v2\/users\/4"}],"replies":[{"embeddable":true,"href":"https:\/\/bisbalpenedes.com\/web\/wp-json\/wp\/v2\/comments?post=22429"}],"version-history":[{"count":1,"href":"https:\/\/bisbalpenedes.com\/web\/wp-json\/wp\/v2\/posts\/22429\/revisions"}],"predecessor-version":[{"id":22432,"href":"https:\/\/bisbalpenedes.com\/web\/wp-json\/wp\/v2\/posts\/22429\/revisions\/22432"}],"wp:featuredmedia":[{"embeddable":true,"href":"https:\/\/bisbalpenedes.com\/web\/wp-json\/wp\/v2\/media\/22431"}],"wp:attachment":[{"href":"https:\/\/bisbalpenedes.com\/web\/wp-json\/wp\/v2\/media?parent=22429"}],"wp:term":[{"taxonomy":"category","embeddable":true,"href":"https:\/\/bisbalpenedes.com\/web\/wp-json\/wp\/v2\/categories?post=22429"},{"taxonomy":"post_tag","embeddable":true,"href":"https:\/\/bisbalpenedes.com\/web\/wp-json\/wp\/v2\/tags?post=22429"}],"curies":[{"name":"wp","href":"https:\/\/api.w.org\/{rel}","templated":true}]}}