{"id":22414,"date":"2022-06-28T14:11:14","date_gmt":"2022-06-28T12:11:14","guid":{"rendered":"https:\/\/bisbalpenedes.com\/web\/?p=22414"},"modified":"2022-06-28T14:11:14","modified_gmt":"2022-06-28T12:11:14","slug":"ja-ha-comencat-el-casal-destiu-2022","status":"publish","type":"post","link":"https:\/\/bisbalpenedes.com\/web\/2022\/06\/28\/ja-ha-comencat-el-casal-destiu-2022\/","title":{"rendered":"Ja ha comen\u00e7at el Casal d&#8217;Estiu 2022"},"content":{"rendered":"\n<p>Aquesta setmana ha comen\u00e7at el Casal d\u2019Estiu amb la participaci\u00f3 d\u2019una seixantena d\u2019infants. L\u2019horari \u00e9s de 8h a 13:30h, amb entrada esglaonada de 8h a 9h i possibilitat de dinar amb carmanyola de 13:30h a 15:30h.\u00a0<\/p>\n\n\n\n<p>El Casal d\u2019Estiu estar\u00e0 obert -a excepci\u00f3 de la setmana de la Festa Major- fins al 28 d\u2019agost i est\u00e0 adre\u00e7at a nens i nenes de P3 fins a 6\u00e8 de prim\u00e0ria.&nbsp;<\/p>\n\n\n\n<p>Les inscripcions es tanquen el dimecres de la setmana anterior a la que es vol acudir al casal.<\/p>\n\n\n\n<p>La regidora de Lleure, Judith Vidal, ha explicat que \u201cestic molt satisfeta de la rebuda del Casal d\u2019Estiu. Enguany estem recuperant la normalitat, ja que venim de la pand\u00e8mia, i hi tenim molts nens i nenes apuntades. Avui som dimarts i encara no s\u2019han tancat les inscripcions de la setmana vinent i, per ara, tenim un total de 73 infants apuntats. Des de l\u2019Ajuntament hem donat les opcions de l\u2019entrada esglaonada i del dinar amb carmanyola per millorar la conciliaci\u00f3 de les fam\u00edlies, i des de la Ballaruga -l\u2019empresa que gestiona el casal- s\u2019est\u00e0 fent molt bona feina\u201d.<\/p>\n\n\n\n<p>Per a m\u00e9s informaci\u00f3, accediu a l&#8217;enlla\u00e7: <a href=\"https:\/\/bit.ly\/3npfEpG\">https:\/\/bit.ly\/3npfEpG<\/a><\/p>\n\n\n\n<figure class=\"wp-block-image size-large\"><img loading=\"lazy\" width=\"1024\" height=\"726\" src=\"https:\/\/bisbalpenedes.com\/web\/wp-content\/uploads\/2022\/06\/1-3-1024x726.png\" alt=\"\" class=\"wp-image-22415\" srcset=\"https:\/\/bisbalpenedes.com\/web\/wp-content\/uploads\/2022\/06\/1-3-1024x726.png 1024w, https:\/\/bisbalpenedes.com\/web\/wp-content\/uploads\/2022\/06\/1-3-300x213.png 300w, https:\/\/bisbalpenedes.com\/web\/wp-content\/uploads\/2022\/06\/1-3-768x545.png 768w, https:\/\/bisbalpenedes.com\/web\/wp-content\/uploads\/2022\/06\/1-3-1536x1090.png 1536w, https:\/\/bisbalpenedes.com\/web\/wp-content\/uploads\/2022\/06\/1-3-2048x1453.png 2048w, https:\/\/bisbalpenedes.com\/web\/wp-content\/uploads\/2022\/06\/1-3-600x426.png 600w\" sizes=\"(max-width: 1024px) 100vw, 1024px\" \/><\/figure>\n\n\n\n<hr class=\"wp-block-separator has-alpha-channel-opacity\"\/>\n\n\n\n<p>Esta semana ha empezado el Casal de Verano con la participaci\u00f3n de unos sesenta ni\u00f1os y ni\u00f1as. El horario es de 8h a 13:30h, con entrada escalonada de 8h a 9h y posibilidad de comer con fiambrera de 13:30h a 15:30h.<\/p>\n\n\n\n<p>El Casal de Verano estar\u00e1 abierto -a excepci\u00f3n de la semana de la Fiesta Mayor- hasta el 28 de agosto y est\u00e1 dirigido a ni\u00f1os y ni\u00f1as de P3 hasta 6\u00ba de primaria.&nbsp;<\/p>\n\n\n\n<p>Las inscripciones se cierran el mi\u00e9rcoles de la semana anterior a la que se quiere acudir al casal.<\/p>\n\n\n\n<p>La concejala de Ocio, Judith Vidal, ha explicado que \u201cestoy muy satisfecha de la recepci\u00f3n que ha tenido el Casal de Verano. Este a\u00f1o estamos recuperando la normalidad, ya que venimos de la pandemia, y tenemos muchos ni\u00f1os y ni\u00f1as apuntadas. Hoy estamos a martes y todav\u00eda no se han cerrado las inscripciones de la semana que viene y, por ahora, tenemos un total de 73 ni\u00f1os apuntados. Desde el Ayuntamiento hemos dado las opciones de la entrada escalonada y de la comida con fiambrera para mejorar la conciliaci\u00f3n de las familias, y desde la Ballaruga -la empresa que gestiona el casal- se est\u00e1 haciendo muy buen trabajo\u201d.<\/p>\n\n\n\n<p>Para m\u00e1s informaci\u00f3n, acceded al enlace: <a href=\"https:\/\/bit.ly\/3npfEpG\">https:\/\/bit.ly\/3npfEpG<\/a><\/p>\n\n\n\n<p><\/p>\n","protected":false},"excerpt":{"rendered":"<p>Aquesta setmana ha comen\u00e7at el Casal d\u2019Estiu amb la participaci\u00f3 d\u2019una seixantena d\u2019infants. L\u2019horari \u00e9s de 8h a 13:30h, amb entrada esglaonada de 8h a 9h i possibilitat de dinar &hellip; <a href=\"https:\/\/bisbalpenedes.com\/web\/2022\/06\/28\/ja-ha-comencat-el-casal-destiu-2022\/\" class=\"more-link\">Read More<\/a><\/p>\n","protected":false},"author":4,"featured_media":22416,"comment_status":"closed","ping_status":"closed","sticky":false,"template":"","format":"standard","meta":[],"categories":[398,8],"tags":[459,5367,5250,245,393,1374],"_links":{"self":[{"href":"https:\/\/bisbalpenedes.com\/web\/wp-json\/wp\/v2\/posts\/22414"}],"collection":[{"href":"https:\/\/bisbalpenedes.com\/web\/wp-json\/wp\/v2\/posts"}],"about":[{"href":"https:\/\/bisbalpenedes.com\/web\/wp-json\/wp\/v2\/types\/post"}],"author":[{"embeddable":true,"href":"https:\/\/bisbalpenedes.com\/web\/wp-json\/wp\/v2\/users\/4"}],"replies":[{"embeddable":true,"href":"https:\/\/bisbalpenedes.com\/web\/wp-json\/wp\/v2\/comments?post=22414"}],"version-history":[{"count":1,"href":"https:\/\/bisbalpenedes.com\/web\/wp-json\/wp\/v2\/posts\/22414\/revisions"}],"predecessor-version":[{"id":22417,"href":"https:\/\/bisbalpenedes.com\/web\/wp-json\/wp\/v2\/posts\/22414\/revisions\/22417"}],"wp:featuredmedia":[{"embeddable":true,"href":"https:\/\/bisbalpenedes.com\/web\/wp-json\/wp\/v2\/media\/22416"}],"wp:attachment":[{"href":"https:\/\/bisbalpenedes.com\/web\/wp-json\/wp\/v2\/media?parent=22414"}],"wp:term":[{"taxonomy":"category","embeddable":true,"href":"https:\/\/bisbalpenedes.com\/web\/wp-json\/wp\/v2\/categories?post=22414"},{"taxonomy":"post_tag","embeddable":true,"href":"https:\/\/bisbalpenedes.com\/web\/wp-json\/wp\/v2\/tags?post=22414"}],"curies":[{"name":"wp","href":"https:\/\/api.w.org\/{rel}","templated":true}]}}