{"id":22406,"date":"2022-06-28T10:40:37","date_gmt":"2022-06-28T08:40:37","guid":{"rendered":"https:\/\/bisbalpenedes.com\/web\/?p=22406"},"modified":"2022-06-28T10:40:37","modified_gmt":"2022-06-28T08:40:37","slug":"lajuntament-de-la-bisbal-del-penedes-llueix-la-bandera-irisada-i-silluminara-de-color-groc-aquest-dimarts-amb-motiu-del-dia-internacional-de-lorgull-lgtbi","status":"publish","type":"post","link":"https:\/\/bisbalpenedes.com\/web\/2022\/06\/28\/lajuntament-de-la-bisbal-del-penedes-llueix-la-bandera-irisada-i-silluminara-de-color-groc-aquest-dimarts-amb-motiu-del-dia-internacional-de-lorgull-lgtbi\/","title":{"rendered":"L&#8217;Ajuntament de la Bisbal del Pened\u00e8s llueix la bandera irisada i s&#8217;il\u00b7luminar\u00e0 de color groc aquest dimarts amb motiu del Dia Internacional de l&#8217;Orgull LGTBI+"},"content":{"rendered":"\n<p>Amb motiu del Dia Internacional de l&#8217;Orgull LGTBI+, avui l&#8217;Ajuntament de la Bisbal del Pened\u00e8s llueix la bandera irisada al seu balc\u00f3. A m\u00e9s, al vespre, la Casa de la Vila s\u2019il\u00b7luminar\u00e0 de color groc. S\u00f3n accions que es duen a terme amb l\u2019objectiu de visibilitzar el col\u00b7lectiu LGTBI+, promoure la igualtat i reivindicar els drets de les persones LGTBI+ i la no discriminaci\u00f3 per raons d\u2019orientaci\u00f3 sexual o de g\u00e8nere.&nbsp;<\/p>\n\n\n\n<p>Si ets v\u00edctima o testimoni d\u2019LGTBIf\u00f2bia, denuncia els fets.<\/p>\n\n\n\n<p>Declaraci\u00f3 Institucional del 28 de juny de 2022, Dia Internacional de l\u2019Orgull o per a l&#8217;Alliberament LGTBI+: <a href=\"https:\/\/bisbalpenedes.com\/web\/wp-content\/uploads\/2022\/06\/Declaracio\u0301-Institucional-28J.pdf\" target=\"_blank\" rel=\"noreferrer noopener\">https:\/\/bisbalpenedes.com\/web\/wp-content\/uploads\/2022\/06\/Declaracio\u0301-Institucional-28J.pdf<\/a><\/p>\n\n\n\n<p>Enlla\u00e7 a la p\u00e0gina de Mossos d\u2019Esquadra sobre la LGTBIf\u00f2bia: <a href=\"https:\/\/mossos.gencat.cat\/ca\/consells_de_seguretat\/per_denunciar_lhomofobia\/\">https:\/\/mossos.gencat.cat\/ca\/consells_de_seguretat\/per_denunciar_lhomofobia\/<\/a>\u00a0<\/p>\n\n\n\n<hr class=\"wp-block-separator has-alpha-channel-opacity\"\/>\n\n\n\n<p>Con motivo del D\u00eda Internacional del Orgullo LGTBI+, hoy el Ayuntamiento de la Bisbal del Pened\u00e8s luce la bandera arco\u00edris en su balc\u00f3n. Adem\u00e1s, al anochecer, la Casa de la Vila se iluminar\u00e1 de color amarillo. Son acciones que se llevan a cabo con el objetivo de visibilizar al colectivo LGTBI+, promover la igualdad y reivindicar los derechos de las personas LGTBI+ y la no discriminaci\u00f3n por razones de orientaci\u00f3n sexual o de g\u00e9nero.<\/p>\n\n\n\n<p>Si eres v\u00edctima o testigo de la LGTBIfobia, denuncia los hechos.<\/p>\n\n\n\n<p>Declaraci\u00f3n Institucional del 28 de junio de 2022, D\u00eda Internacional del Orgullo o para la liberaci\u00f3n LGTBI+: <a rel=\"noreferrer noopener\" href=\"https:\/\/bisbalpenedes.com\/web\/wp-content\/uploads\/2022\/06\/Declaracio%CC%81-Institucional-28J.pdf\" target=\"_blank\">https:\/\/bisbalpenedes.com\/web\/wp-content\/uploads\/2022\/06\/Declaraci\u00f3-Institucional-28J.pdf<\/a><\/p>\n\n\n\n<p>Enlace a la p\u00e1gina de Mossos d\u2019Esquadra sobre la LGTBIfobia: <a href=\"https:\/\/mossos.gencat.cat\/ca\/consells_de_seguretat\/per_denunciar_lhomofobia\/\">https:\/\/mossos.gencat.cat\/ca\/consells_de_seguretat\/per_denunciar_lhomofobia\/<\/a>&nbsp;<\/p>\n","protected":false},"excerpt":{"rendered":"<p>Amb motiu del Dia Internacional de l&#8217;Orgull LGTBI+, avui l&#8217;Ajuntament de la Bisbal del Pened\u00e8s llueix la bandera irisada al seu balc\u00f3. A m\u00e9s, al vespre, la Casa de la &hellip; <a href=\"https:\/\/bisbalpenedes.com\/web\/2022\/06\/28\/lajuntament-de-la-bisbal-del-penedes-llueix-la-bandera-irisada-i-silluminara-de-color-groc-aquest-dimarts-amb-motiu-del-dia-internacional-de-lorgull-lgtbi\/\" class=\"more-link\">Read More<\/a><\/p>\n","protected":false},"author":4,"featured_media":22407,"comment_status":"closed","ping_status":"closed","sticky":false,"template":"","format":"standard","meta":[],"categories":[3851,8],"tags":[5365,5364,4624,5363],"_links":{"self":[{"href":"https:\/\/bisbalpenedes.com\/web\/wp-json\/wp\/v2\/posts\/22406"}],"collection":[{"href":"https:\/\/bisbalpenedes.com\/web\/wp-json\/wp\/v2\/posts"}],"about":[{"href":"https:\/\/bisbalpenedes.com\/web\/wp-json\/wp\/v2\/types\/post"}],"author":[{"embeddable":true,"href":"https:\/\/bisbalpenedes.com\/web\/wp-json\/wp\/v2\/users\/4"}],"replies":[{"embeddable":true,"href":"https:\/\/bisbalpenedes.com\/web\/wp-json\/wp\/v2\/comments?post=22406"}],"version-history":[{"count":2,"href":"https:\/\/bisbalpenedes.com\/web\/wp-json\/wp\/v2\/posts\/22406\/revisions"}],"predecessor-version":[{"id":22410,"href":"https:\/\/bisbalpenedes.com\/web\/wp-json\/wp\/v2\/posts\/22406\/revisions\/22410"}],"wp:featuredmedia":[{"embeddable":true,"href":"https:\/\/bisbalpenedes.com\/web\/wp-json\/wp\/v2\/media\/22407"}],"wp:attachment":[{"href":"https:\/\/bisbalpenedes.com\/web\/wp-json\/wp\/v2\/media?parent=22406"}],"wp:term":[{"taxonomy":"category","embeddable":true,"href":"https:\/\/bisbalpenedes.com\/web\/wp-json\/wp\/v2\/categories?post=22406"},{"taxonomy":"post_tag","embeddable":true,"href":"https:\/\/bisbalpenedes.com\/web\/wp-json\/wp\/v2\/tags?post=22406"}],"curies":[{"name":"wp","href":"https:\/\/api.w.org\/{rel}","templated":true}]}}