{"id":22391,"date":"2022-06-27T15:03:44","date_gmt":"2022-06-27T13:03:44","guid":{"rendered":"https:\/\/bisbalpenedes.com\/web\/?p=22391"},"modified":"2022-06-27T15:07:50","modified_gmt":"2022-06-27T13:07:50","slug":"els-pressupostos-participatius-es-podran-votar-a-partir-del-3-de-juliol","status":"publish","type":"post","link":"https:\/\/bisbalpenedes.com\/web\/2022\/06\/27\/els-pressupostos-participatius-es-podran-votar-a-partir-del-3-de-juliol\/","title":{"rendered":"Els Pressupostos Participatius es podran votar a partir del 3 de juliol"},"content":{"rendered":"\n<p>Un any m\u00e9s, els ve\u00efns i ve\u00efnes del municipi podreu votar les propostes dels Pressupostos Participatius als diferents nuclis de poblaci\u00f3. Per aix\u00f2, uns dies abans, els ve\u00efns rebreu el paper per votar amb les diferents opcions i el dia i les hores en qu\u00e8 es podr\u00e0 votar al barri.<\/p>\n\n\n\n<p>Tamb\u00e9 es podran portar els vots a l&#8217;Ajuntament durant la setmana seg\u00fcent, en cas que els ve\u00efns no h\u00e0giu pogut anar a votar el dia proposat al vostre barri.<\/p>\n\n\n\n<p>Cada habitatge -siguin ve\u00efns empadronats o no- podr\u00e0 emetre un vot.<\/p>\n\n\n\n<p>Aquests s\u00f3n els dies i les hores en qu\u00e8 es podr\u00e0 votar als diferents nuclis:<\/p>\n\n\n\n<ul><li><strong>L&#8217;Ortig\u00f3s:<\/strong> diumenge 3 de juliol de 18:00h a 20:00h (al davant del Mas del Sol)<\/li><li><strong>La Miralba:<\/strong> dissabte 9 de juliol de 18:00h a 20:00h (local social)<\/li><li><strong>La Masieta:<\/strong> dissabte 16 de juliol de 11:00h 13:00h (pla\u00e7a de La Masieta)<\/li><li><strong>El Papagai:<\/strong> diumenge 17 de juliol de 10:00h a 12:00h (al davant del parc)<\/li><li><strong>Santa Cristina:<\/strong> dissabte 23 de juliol de 10:00h a 12:00h (carrer Bages)<\/li><li><strong>L&#8217;Esplai:<\/strong> diumenge 24 de juliol de 11:00h a 13:00h (local social)<\/li><li><strong>Can Gordei:<\/strong> diumenge 31 de juliol de 11:00 a 13:00h (local social)<\/li><li><strong>Priorat de la Bisbal:<\/strong> dissabte 6 d&#8217;agost de 10:00h a 12:00h (local social)<\/li><li><strong>Nucli:<\/strong> dissabte 13 d&#8217;agost de 10:00h a 12:00h (pla\u00e7a Major)<\/li><\/ul>\n\n\n\n<p>El recompte de vots es far\u00e0 quan s&#8217;acabi l&#8217;horari de votacions i es gravar\u00e0 per publicar-lo a les xarxes socials. Val a dir que, tot i que es faci aquest recompte, encara pot variar amb els vots que els ve\u00efns o ve\u00efnes puguin adre\u00e7ar directament a l&#8217;Ajuntament, en cas de no poder venir a votar el dia en qu\u00e8 es faci al seu barri.<\/p>\n\n\n\n<hr class=\"wp-block-separator has-alpha-channel-opacity\"\/>\n\n\n\n<p><strong>CASTELLANO |<\/strong> Un a\u00f1o m\u00e1s, los vecinos y vecinas del municipio podr\u00e9is votar las propuestas de los Presupuestos Participativos en los distintos n\u00facleos de poblaci\u00f3n. Por eso, unos d\u00edas antes, los vecinos recibir\u00e1n el papel para votar con las distintas opciones y el d\u00eda y las horas en las que se podr\u00e1 votar en el barrio.<\/p>\n\n\n\n<p>Tambi\u00e9n se podr\u00e1n llevar los votos al Ayuntamiento, en el caso de que los vecinos no hay\u00e1is podido ir a votar el d\u00eda propuesto en vuestro barrio.<\/p>\n\n\n\n<p>Cada vivienda -sean vecinos empadronados o no- podr\u00e1 emitir un voto.<\/p>\n\n\n\n<p>Estos son los d\u00edas y las horas en las que se podr\u00e1 votar en los distintos n\u00facleos:<\/p>\n\n\n\n<ul><li><strong>L&#8217;Ortig\u00f3s<\/strong>: domingo 3 de julio de 18:00h, a 20:00h (delante del Mas del Sol)<\/li><li><strong>La Miralba:<\/strong> s\u00e1bado 9 de julio de 18:00h a 20:00h (local social)<\/li><li><strong>La Masieta:<\/strong> s\u00e1bado 16 de julio de 11:00h a 13:00h (plaza de la Masieta)<\/li><li><strong>El Papagai:<\/strong> domingo 17 de julio de 10:00h a 12:00h (delante del parque)<\/li><li><strong>Santa Cristina: <\/strong>s\u00e1bado 23 de julio de 10:00h a 12:00h (calle Bages)<\/li><li><strong>L&#8217;Esplai:<\/strong> domingo 24 de julio de 11:00h a 13:00h (local social)<\/li><li><strong>Can Gorde<\/strong>i: domingo 31 de julio de 11:00h a 13:00h (local social)<\/li><li><strong>Priorat de la Bisbal:<\/strong> s\u00e1bado 6 de agosto de 10:00h a 12:00h (local social)<\/li><li><strong>N\u00facleo: <\/strong>s\u00e1bado 13 de agosto de 10:00h a 12:00h (pla\u00e7a Major)<\/li><\/ul>\n\n\n\n<p>El recuento de votos se llevar\u00e1 a cabo cuando finalice el horario de votaciones y se grabar\u00e1 para publicarlo en las redes sociales. Cabe decir que, aunque se haga este recuento, todav\u00eda puede variar con los votos que los vecinos o vecinas puedan dirigir directamente al Ayuntamiento, en caso de no poder venir a votar el d\u00eda en el que se haga la votaci\u00f3n en su barrio.<\/p>\n","protected":false},"excerpt":{"rendered":"<p>Un any m\u00e9s, els ve\u00efns i ve\u00efnes del municipi podreu votar les propostes dels Pressupostos Participatius als diferents nuclis de poblaci\u00f3. Per aix\u00f2, uns dies abans, els ve\u00efns rebreu el &hellip; <a href=\"https:\/\/bisbalpenedes.com\/web\/2022\/06\/27\/els-pressupostos-participatius-es-podran-votar-a-partir-del-3-de-juliol\/\" class=\"more-link\">Read More<\/a><\/p>\n","protected":false},"author":4,"featured_media":22392,"comment_status":"closed","ping_status":"closed","sticky":false,"template":"","format":"standard","meta":[],"categories":[4287,3835,8],"tags":[1177,5360,393,587,246,1048,980,623],"_links":{"self":[{"href":"https:\/\/bisbalpenedes.com\/web\/wp-json\/wp\/v2\/posts\/22391"}],"collection":[{"href":"https:\/\/bisbalpenedes.com\/web\/wp-json\/wp\/v2\/posts"}],"about":[{"href":"https:\/\/bisbalpenedes.com\/web\/wp-json\/wp\/v2\/types\/post"}],"author":[{"embeddable":true,"href":"https:\/\/bisbalpenedes.com\/web\/wp-json\/wp\/v2\/users\/4"}],"replies":[{"embeddable":true,"href":"https:\/\/bisbalpenedes.com\/web\/wp-json\/wp\/v2\/comments?post=22391"}],"version-history":[{"count":2,"href":"https:\/\/bisbalpenedes.com\/web\/wp-json\/wp\/v2\/posts\/22391\/revisions"}],"predecessor-version":[{"id":22394,"href":"https:\/\/bisbalpenedes.com\/web\/wp-json\/wp\/v2\/posts\/22391\/revisions\/22394"}],"wp:featuredmedia":[{"embeddable":true,"href":"https:\/\/bisbalpenedes.com\/web\/wp-json\/wp\/v2\/media\/22392"}],"wp:attachment":[{"href":"https:\/\/bisbalpenedes.com\/web\/wp-json\/wp\/v2\/media?parent=22391"}],"wp:term":[{"taxonomy":"category","embeddable":true,"href":"https:\/\/bisbalpenedes.com\/web\/wp-json\/wp\/v2\/categories?post=22391"},{"taxonomy":"post_tag","embeddable":true,"href":"https:\/\/bisbalpenedes.com\/web\/wp-json\/wp\/v2\/tags?post=22391"}],"curies":[{"name":"wp","href":"https:\/\/api.w.org\/{rel}","templated":true}]}}