{"id":22380,"date":"2022-06-23T09:08:42","date_gmt":"2022-06-23T07:08:42","guid":{"rendered":"https:\/\/bisbalpenedes.com\/web\/?p=22380"},"modified":"2022-06-23T09:10:21","modified_gmt":"2022-06-23T07:10:21","slug":"el-dilluns-27-de-juny-sobrira-lultim-sobre-de-les-propostes-presentades-al-concurs-del-servei-el-servei-de-redaccio-disseny-maquetacio-i-impressio-del-butlleti-municipal","status":"publish","type":"post","link":"https:\/\/bisbalpenedes.com\/web\/2022\/06\/23\/el-dilluns-27-de-juny-sobrira-lultim-sobre-de-les-propostes-presentades-al-concurs-del-servei-el-servei-de-redaccio-disseny-maquetacio-i-impressio-del-butlleti-municipal\/","title":{"rendered":"El dilluns 27 de juny s\u2019obrir\u00e0 l\u2019\u00faltim sobre de les propostes presentades al concurs del servei de redacci\u00f3, disseny, maquetaci\u00f3 i impressi\u00f3 del butllet\u00ed municipal"},"content":{"rendered":"\n<p>El divendres 17 de juny es va reunir la mesa de contractaci\u00f3 del procediment de concurs del servei de redacci\u00f3, disseny, maquetaci\u00f3 i impressi\u00f3 del butllet\u00ed municipal. S&#8217;hi han presentat un total de dues propostes dins del termini establert. En el transcurs de la reuni\u00f3 es va obrir el sobre A, que cont\u00e9 la documentaci\u00f3 administrativa i la documentaci\u00f3 a valorar segons els criteris que depenen d\u2019un judici de valor.<\/p>\n\n\n\n<p>La mesa ja ha valorat la proposta i ha convocat, <strong>per al dilluns 27 de juny a les 11:30h a la sala de plens, <\/strong>l\u2019obertura del sobre B, que cont\u00e9 la documentaci\u00f3 a valorar segons els criteris autom\u00e0tics. Aquest acte ser\u00e0 obert al p\u00fablic.<\/p>\n\n\n\n<hr class=\"wp-block-separator has-alpha-channel-opacity\"\/>\n\n\n\n<p><strong>CASTELLANO | <\/strong>El viernes 17 de junio se reuni\u00f3 la mesa de contrataci\u00f3n del procedimiento de concurso del servicio de redacci\u00f3n, dise\u00f1o, maquetaci\u00f3n e impresi\u00f3n del bolet\u00edn municipal. Se han presentado un total de dos propuestas en el plazo establecido. En el transcurso de la reuni\u00f3n se abri\u00f3 el sobre A, que contiene la documentaci\u00f3n administrativa y la documentaci\u00f3n a valorar seg\u00fan los criterios que dependen de un juicio de valor.<\/p>\n\n\n\n<p>La mesa ya ha valorado la propuesta y ha convocado, <strong>para el lunes 27 de junio a las 11.30h<\/strong> <strong>en la sala de plenos<\/strong>, la apertura del sobre B, que contiene la documentaci\u00f3n a valorar seg\u00fan los criterios autom\u00e1ticos. Dicho acto ser\u00e1 abierto al p\u00fablico.<\/p>\n","protected":false},"excerpt":{"rendered":"<p>El divendres 17 de juny es va reunir la mesa de contractaci\u00f3 del procediment de concurs del servei de redacci\u00f3, disseny, maquetaci\u00f3 i impressi\u00f3 del butllet\u00ed municipal. S&#8217;hi han presentat &hellip; <a href=\"https:\/\/bisbalpenedes.com\/web\/2022\/06\/23\/el-dilluns-27-de-juny-sobrira-lultim-sobre-de-les-propostes-presentades-al-concurs-del-servei-el-servei-de-redaccio-disseny-maquetacio-i-impressio-del-butlleti-municipal\/\" class=\"more-link\">Read More<\/a><\/p>\n","protected":false},"author":4,"featured_media":22381,"comment_status":"closed","ping_status":"closed","sticky":false,"template":"","format":"standard","meta":[],"categories":[1628,3278,8],"tags":[459,393,267,2609,2608],"_links":{"self":[{"href":"https:\/\/bisbalpenedes.com\/web\/wp-json\/wp\/v2\/posts\/22380"}],"collection":[{"href":"https:\/\/bisbalpenedes.com\/web\/wp-json\/wp\/v2\/posts"}],"about":[{"href":"https:\/\/bisbalpenedes.com\/web\/wp-json\/wp\/v2\/types\/post"}],"author":[{"embeddable":true,"href":"https:\/\/bisbalpenedes.com\/web\/wp-json\/wp\/v2\/users\/4"}],"replies":[{"embeddable":true,"href":"https:\/\/bisbalpenedes.com\/web\/wp-json\/wp\/v2\/comments?post=22380"}],"version-history":[{"count":2,"href":"https:\/\/bisbalpenedes.com\/web\/wp-json\/wp\/v2\/posts\/22380\/revisions"}],"predecessor-version":[{"id":22383,"href":"https:\/\/bisbalpenedes.com\/web\/wp-json\/wp\/v2\/posts\/22380\/revisions\/22383"}],"wp:featuredmedia":[{"embeddable":true,"href":"https:\/\/bisbalpenedes.com\/web\/wp-json\/wp\/v2\/media\/22381"}],"wp:attachment":[{"href":"https:\/\/bisbalpenedes.com\/web\/wp-json\/wp\/v2\/media?parent=22380"}],"wp:term":[{"taxonomy":"category","embeddable":true,"href":"https:\/\/bisbalpenedes.com\/web\/wp-json\/wp\/v2\/categories?post=22380"},{"taxonomy":"post_tag","embeddable":true,"href":"https:\/\/bisbalpenedes.com\/web\/wp-json\/wp\/v2\/tags?post=22380"}],"curies":[{"name":"wp","href":"https:\/\/api.w.org\/{rel}","templated":true}]}}