{"id":22375,"date":"2022-06-22T15:49:54","date_gmt":"2022-06-22T13:49:54","guid":{"rendered":"https:\/\/bisbalpenedes.com\/web\/?p=22375"},"modified":"2022-06-22T15:49:54","modified_gmt":"2022-06-22T13:49:54","slug":"lalcaldessa-ha-convocat-la-mesa-de-negociacio-amb-els-representants-dels-treballadors-i-els-sindicats-majoritaris-2","status":"publish","type":"post","link":"https:\/\/bisbalpenedes.com\/web\/2022\/06\/22\/lalcaldessa-ha-convocat-la-mesa-de-negociacio-amb-els-representants-dels-treballadors-i-els-sindicats-majoritaris-2\/","title":{"rendered":"L\u2019alcaldessa ha convocat la mesa de negociaci\u00f3 amb els representants dels treballadors i els sindicats majoritaris"},"content":{"rendered":"\n<p>L\u2019alcaldessa de la Bisbal del Pened\u00e8s, Agn\u00e8s Ferr\u00e9, ha convocat els representants dels treballadors -personal municipal laboral i funcionari- i els sindicats majoritaris dels treballadors a Catalunya -CCOO i UGT- el proper dilluns 27 de juny per continuar treballant en el pla d\u2019estabilitzaci\u00f3 de l\u2019ocupaci\u00f3 temporal (Llei 20\/2021, del 28 de desembre, de mesures urgents per a la reducci\u00f3 de la temporalitat en l\u2019ocupaci\u00f3 p\u00fablica).<\/p>\n\n\n\n<p>L\u2019ordre del dia de la mesa \u00e9s:<\/p>\n\n\n\n<p>1.- Bases espec\u00edfiques reguladores del proc\u00e9s selectiu per a la provisi\u00f3 de dues places d\u2019operari\/\u00e0ria de brigada (jardineria i neteja vi\u00e0ria)<br><br>2.- Bases espec\u00edfiques reguladores del proc\u00e9s selectiu per a la provisi\u00f3 d&#8217;una pla\u00e7a d\u2019operari\/\u00e0ria de brigada (electricista)<br><br>3.- Bases espec\u00edfiques reguladores del proc\u00e9s selectiu per a la provisi\u00f3 de dues places d\u2019operari\/\u00e0ria de brigada (obra p\u00fablica)<\/p>\n\n\n\n<p>Com en totes les convocat\u00f2ries de meses de negociaci\u00f3, l\u2019alcaldessa Agn\u00e8s Ferr\u00e9 ha informat de la convocat\u00f2ria als regidors i les regidores de l\u2019oposici\u00f3 i, una vegada celebrada la mesa, els informar\u00e0 dels acords presos en l\u2019esmentada mesa de negociaci\u00f3.<\/p>\n\n\n\n<hr class=\"wp-block-separator has-alpha-channel-opacity\"\/>\n\n\n\n<p><strong>CASTELLANO | <\/strong>La alcaldesa de la Bisbal del Pened\u00e8s, Agn\u00e8s Ferr\u00e9, ha convocado a los representantes de los trabajadores -personal municipal laboral y funcionario- y a los sindicatos mayoritarios de los trabajadores en Catalunya -CCOO y UGT el pr\u00f3ximo lunes 27 de junio para continuar trabajando en el plan de estabilizaci\u00f3n de ocupaci\u00f3n temporal (Ley 20\/2021, del 28 de diciembre, de medidas urgentes para la reducci\u00f3n de la temporalidad en la ocupaci\u00f3n p\u00fablica).<\/p>\n\n\n\n<p>El orden del d\u00eda de la mesa es:<\/p>\n\n\n\n<p>1.-Bases espec\u00edficas reguladoras del proceso selectivo para la provisi\u00f3n de dos plazas de operario\/a de brigada (jardiner\u00eda y limpieza vial)<\/p>\n\n\n\n<p>2.- Bases espec\u00edficas reguladoras del proceso selectivo para la provisi\u00f3n de una plaza de operario\/a de brigada (electricista)<\/p>\n\n\n\n<p>3.-Bases espec\u00edficas reguladoras del proceso selectivo para la provisi\u00f3n de dos plazas de operario\/\u00e0ria de brigada (obra p\u00fablica)<\/p>\n\n\n\n<p>Como en todas las convocatorias de mesas de negociaci\u00f3n, la alcaldesa Agn\u00e8s Ferr\u00e9 ha informado de la convocatoria a los concejales y las concejalas de la oposici\u00f3n y, una vez celebrada la mesa, les informar\u00e1 de los acuerdos tomados en la citada mesa de negociaci\u00f3n.<\/p>\n","protected":false},"excerpt":{"rendered":"<p>L\u2019alcaldessa de la Bisbal del Pened\u00e8s, Agn\u00e8s Ferr\u00e9, ha convocat els representants dels treballadors -personal municipal laboral i funcionari- i els sindicats majoritaris dels treballadors a Catalunya -CCOO i UGT- &hellip; <a href=\"https:\/\/bisbalpenedes.com\/web\/2022\/06\/22\/lalcaldessa-ha-convocat-la-mesa-de-negociacio-amb-els-representants-dels-treballadors-i-els-sindicats-majoritaris-2\/\" class=\"more-link\">Read More<\/a><\/p>\n","protected":false},"author":4,"featured_media":13539,"comment_status":"closed","ping_status":"closed","sticky":false,"template":"","format":"standard","meta":[],"categories":[2402,2057,8],"tags":[216,176,156,5358,2867,915,749],"_links":{"self":[{"href":"https:\/\/bisbalpenedes.com\/web\/wp-json\/wp\/v2\/posts\/22375"}],"collection":[{"href":"https:\/\/bisbalpenedes.com\/web\/wp-json\/wp\/v2\/posts"}],"about":[{"href":"https:\/\/bisbalpenedes.com\/web\/wp-json\/wp\/v2\/types\/post"}],"author":[{"embeddable":true,"href":"https:\/\/bisbalpenedes.com\/web\/wp-json\/wp\/v2\/users\/4"}],"replies":[{"embeddable":true,"href":"https:\/\/bisbalpenedes.com\/web\/wp-json\/wp\/v2\/comments?post=22375"}],"version-history":[{"count":1,"href":"https:\/\/bisbalpenedes.com\/web\/wp-json\/wp\/v2\/posts\/22375\/revisions"}],"predecessor-version":[{"id":22376,"href":"https:\/\/bisbalpenedes.com\/web\/wp-json\/wp\/v2\/posts\/22375\/revisions\/22376"}],"wp:featuredmedia":[{"embeddable":true,"href":"https:\/\/bisbalpenedes.com\/web\/wp-json\/wp\/v2\/media\/13539"}],"wp:attachment":[{"href":"https:\/\/bisbalpenedes.com\/web\/wp-json\/wp\/v2\/media?parent=22375"}],"wp:term":[{"taxonomy":"category","embeddable":true,"href":"https:\/\/bisbalpenedes.com\/web\/wp-json\/wp\/v2\/categories?post=22375"},{"taxonomy":"post_tag","embeddable":true,"href":"https:\/\/bisbalpenedes.com\/web\/wp-json\/wp\/v2\/tags?post=22375"}],"curies":[{"name":"wp","href":"https:\/\/api.w.org\/{rel}","templated":true}]}}