{"id":22371,"date":"2022-06-22T14:27:22","date_gmt":"2022-06-22T12:27:22","guid":{"rendered":"https:\/\/bisbalpenedes.com\/web\/?p=22371"},"modified":"2022-06-22T14:27:22","modified_gmt":"2022-06-22T12:27:22","slug":"shan-aprovat-les-dues-festes-locals-per-a-lany-2023","status":"publish","type":"post","link":"https:\/\/bisbalpenedes.com\/web\/2022\/06\/22\/shan-aprovat-les-dues-festes-locals-per-a-lany-2023\/","title":{"rendered":"S&#8217;han aprovat les dues festes locals per a l&#8217;any 2023"},"content":{"rendered":"\n<p>El Ple del passat dilluns 20 de juny va aprovar els dos dies de festa local de la Bisbal del Pened\u00e8s per a l&#8217;any 2023. S\u00f3n els seg\u00fcents:<\/p>\n\n\n\n<ul><li>El dilluns 24 d&#8217;abril, amb motiu de Sant Jordi<\/li><li>El dilluns 14 d&#8217;agost, amb motiu de la Festa Major<\/li><\/ul>\n\n\n\n<p>El Departament d&#8217;Empresa i Treball de la Generalitat de Catalunya va informar l&#8217;Ajuntament, el passat mes de maig, que el termini per notificar els dos dies de festa local per al 2023 finalitzava el 31 de juliol i, per aquest motiu, l&#8217;Ajuntament ha elevat la proposta al Ple ordinari del mes de juny, en qu\u00e8 s&#8217;ha aprovat.<\/p>\n\n\n\n<hr class=\"wp-block-separator has-alpha-channel-opacity\"\/>\n\n\n\n<p>El Pleno del pasado lunes 20 de junio aprob\u00f3 los dos d\u00edas de fiesta Local de la Bisbal del Pened\u00e8s para el a\u00f1o 2023. Son los siguientes:<\/p>\n\n\n\n<ul><li>El lunes 24 de abril, con motivo de Sant Jordi<\/li><li>El lunes 14 de agosto, con motivo de la Fiesta Mayor<\/li><\/ul>\n\n\n\n<p>El Departamento de Empresa y Trabajo de la Generalitat de Catalu\u00f1a inform\u00f3 al Ayuntamiento, el pasado mes de mayo, de que el plazo para notificar los dos d\u00edas de fiesta local para el 2023 finalizaba el 31 de julio y, por este motivo, el Ayuntamiento ha elevado la propuesta al Pleno ordinario del mes de junio, donde ha sido aprobada.<\/p>\n","protected":false},"excerpt":{"rendered":"<p>El Ple del passat dilluns 20 de juny va aprovar els dos dies de festa local de la Bisbal del Pened\u00e8s per a l&#8217;any 2023. S\u00f3n els seg\u00fcents: El dilluns &hellip; <a href=\"https:\/\/bisbalpenedes.com\/web\/2022\/06\/22\/shan-aprovat-les-dues-festes-locals-per-a-lany-2023\/\" class=\"more-link\">Read More<\/a><\/p>\n","protected":false},"author":4,"featured_media":22372,"comment_status":"closed","ping_status":"closed","sticky":false,"template":"","format":"standard","meta":[],"categories":[4668,8],"tags":[5354,5357,5356,393],"_links":{"self":[{"href":"https:\/\/bisbalpenedes.com\/web\/wp-json\/wp\/v2\/posts\/22371"}],"collection":[{"href":"https:\/\/bisbalpenedes.com\/web\/wp-json\/wp\/v2\/posts"}],"about":[{"href":"https:\/\/bisbalpenedes.com\/web\/wp-json\/wp\/v2\/types\/post"}],"author":[{"embeddable":true,"href":"https:\/\/bisbalpenedes.com\/web\/wp-json\/wp\/v2\/users\/4"}],"replies":[{"embeddable":true,"href":"https:\/\/bisbalpenedes.com\/web\/wp-json\/wp\/v2\/comments?post=22371"}],"version-history":[{"count":1,"href":"https:\/\/bisbalpenedes.com\/web\/wp-json\/wp\/v2\/posts\/22371\/revisions"}],"predecessor-version":[{"id":22373,"href":"https:\/\/bisbalpenedes.com\/web\/wp-json\/wp\/v2\/posts\/22371\/revisions\/22373"}],"wp:featuredmedia":[{"embeddable":true,"href":"https:\/\/bisbalpenedes.com\/web\/wp-json\/wp\/v2\/media\/22372"}],"wp:attachment":[{"href":"https:\/\/bisbalpenedes.com\/web\/wp-json\/wp\/v2\/media?parent=22371"}],"wp:term":[{"taxonomy":"category","embeddable":true,"href":"https:\/\/bisbalpenedes.com\/web\/wp-json\/wp\/v2\/categories?post=22371"},{"taxonomy":"post_tag","embeddable":true,"href":"https:\/\/bisbalpenedes.com\/web\/wp-json\/wp\/v2\/tags?post=22371"}],"curies":[{"name":"wp","href":"https:\/\/api.w.org\/{rel}","templated":true}]}}