{"id":22367,"date":"2022-06-22T14:04:24","date_gmt":"2022-06-22T12:04:24","guid":{"rendered":"https:\/\/bisbalpenedes.com\/web\/?p=22367"},"modified":"2022-06-22T14:04:24","modified_gmt":"2022-06-22T12:04:24","slug":"aquest-dilluns-20-de-juny-ha-tingut-lloc-el-ple-ordinari-de-lajuntament-de-la-bisbal-del-penedes","status":"publish","type":"post","link":"https:\/\/bisbalpenedes.com\/web\/2022\/06\/22\/aquest-dilluns-20-de-juny-ha-tingut-lloc-el-ple-ordinari-de-lajuntament-de-la-bisbal-del-penedes\/","title":{"rendered":"<strong>Aquest dilluns 20 de juny ha tingut lloc el Ple ordinari de l&#8217;Ajuntament de la Bisbal del Pened\u00e8s<\/strong>"},"content":{"rendered":"\n<p>Aquest dilluns 20 de juny, a les 19h, s&#8217;ha celebrat el Ple ordinari de l&#8217;Ajuntament de la Bisbal del Pened\u00e8s, corresponent a aquest trimestre, amb la pres\u00e8ncia de tots els regidors del Consistori. <\/p>\n\n\n\n<figure class=\"wp-block-embed is-type-video is-provider-youtube wp-block-embed-youtube wp-embed-aspect-16-9 wp-has-aspect-ratio\"><div class=\"wp-block-embed__wrapper\">\n<iframe loading=\"lazy\" title=\"Ajuntament de la Bisbal del Pened\u00e8s. Ple ordinari de 20 de juny de 2022\" width=\"1170\" height=\"658\" src=\"https:\/\/www.youtube.com\/embed\/jcNbAzbdKJw?feature=oembed\" frameborder=\"0\" allow=\"accelerometer; autoplay; clipboard-write; encrypted-media; gyroscope; picture-in-picture\" allowfullscreen><\/iframe>\n<\/div><\/figure>\n\n\n\n<p>S&#8217;hi han tractat els seg\u00fcents punts:<\/p>\n\n\n\n<p><strong>1.-Acta del Ple ordinari del 21 de mar\u00e7 de 2022<\/strong><\/p>\n\n\n\n<p>S&#8217;ha aprovat per unanimitat<\/p>\n\n\n\n<p><strong>2.-Acta del Ple extraordinari del 28 d&#8217;abril de 2022<\/strong><\/p>\n\n\n\n<p>S&#8217;ha aprovat per unanimitat.<\/p>\n\n\n\n<p><strong>3.-Festes locals per al 2023<\/strong><\/p>\n\n\n\n<p>S&#8217;ha aprovat per unanimitat.<\/p>\n\n\n\n<p>S&#8217;aproven els seg\u00fcents dies com a dies de festa local per a l&#8217;any 2023:<\/p>\n\n\n\n<p>-El dilluns 24 d&#8217;abril, Festa de Sant Jordi<\/p>\n\n\n\n<p>-El dilluns 14 d&#8217;agost, Festa Major<\/p>\n\n\n\n<p><strong>4.-Es dona compte al Ple dels Decrets d&#8217;alcaldia.<\/strong><\/p>\n\n\n\n<p>Es dona compte dels Decrets d&#8217;alcaldia aprovats des del darrer Ple ordinari fins abans de la convocat\u00f2ria d&#8217;aquest Ple. Tots els regidors i regidores del Consistori tenen acc\u00e9s al llibre de Decrets des del moment en qu\u00e8 s\u00f3n vigents.<\/p>\n\n\n\n<p><strong>5.-Donar compte de les actes de la Junta de Govern Local<\/strong><\/p>\n\n\n\n<p>Es dona compte de les Juntes de Govern local celebrades des del darrer Ple ordinari i fins abans de la convocat\u00f2ria d&#8217;aquest Ple ordinari. Tots els regidors i regidores del Consistori tenen acc\u00e9s a les actes de les Juntes de Govern des del moment en qu\u00e8 s&#8217;aproven i tamb\u00e9 estan penjades al Portal de Transpar\u00e8ncia.<\/p>\n\n\n\n<p><strong>6.-Donar compte de l&#8217;informe d&#8217;intervenci\u00f3 sobre l&#8217;execuci\u00f3 del pla d&#8217;acci\u00f3<\/strong><\/p>\n\n\n\n<p>Es dona compte al Ple de l&#8217;informe d&#8217;intervenci\u00f3 sobre el Pla d&#8217;acci\u00f3, a partir de l&#8217;informe resum del control financer de l&#8217;exercici 2020, tal com estableix la normativa de control intern de les entitats del sector p\u00fablic local. L&#8217;informe conclou informant de les mesures executades, les que s&#8217;estan executant i les que s&#8217;han d&#8217;iniciar.<\/p>\n\n\n\n<p><strong>7.-Donar compte de l&#8217;informe anual sobre el control intern 2021<\/strong><\/p>\n\n\n\n<p>En compliment de la normativa de control intern de les entitats del sector p\u00fablic local, es dona compte al Ple de l&#8217;informe de resum anual d&#8217;intervenci\u00f3 sobre el control intern de 2021.<\/p>\n\n\n\n<p><strong>8.-Donar compte de l&#8217;informe anual d&#8217;auditoria de sistemes del registre de factures del 2020<\/strong><\/p>\n\n\n\n<p>Es dona compte al Ple de l&#8217;informe d&#8217;intervenci\u00f3 sobre l&#8217;auditoria de sistemes del registre de factures del 2020, tal com estableix la normativa de control intern de les entitats del sector p\u00fablic local.<\/p>\n\n\n\n<p><strong>9.-Donar compte de l&#8217;informe d&#8217;intervenci\u00f3 del control financer permanent sobre la contractaci\u00f3 menor del 2020<\/strong><\/p>\n\n\n\n<p>Es dona compte de l&#8217;informe de control financer permanent sobre la contractaci\u00f3 menor de l&#8217;exercici 2020 en compliment de la normativa de control intern de les entitats del sector p\u00fablic local.<\/p>\n\n\n\n<p><strong>10.-Donar <\/strong><strong>compte de l\u2019informe del c\u00e0lcul de l\u2019estabilitat pressupost\u00e0ria i la sostenibilitat financera del pressupost 2022, amb motiu de l\u2019aprovaci\u00f3 de la liquidaci\u00f3 de l\u2019exercici 2021<\/strong><\/p>\n\n\n\n<p>Es dona compte al Ple de l&#8217;informe d&#8217;intervenci\u00f3 relatiu al c\u00e0lcul de l&#8217;estabilitat pressupost\u00e0ria i sostenibilitat financera del pressupost 2022, amb motiu de l&#8217;aprovaci\u00f3 de la liquidaci\u00f3 del pressupost 2021, en compliment de la normativa d&#8217;hisendes locals i d&#8217;estabilitat pressupost\u00e0ria i sostenibilitat financera. L&#8217;informe conclou amb el compliment de l&#8217;Ajuntament amb els objectius d&#8217;estabilitat pressupost\u00e0ria, regla de la despesa i deute.<\/p>\n\n\n\n<p><strong>Torn de Precs i preguntes<\/strong><\/p>\n\n\n\n<hr class=\"wp-block-separator has-alpha-channel-opacity\"\/>\n\n\n\n<p><strong>CASTELLANO | <\/strong>Este lunes 20 de junio, a las 19h, se ha celebrado el Pleno ordinario del Ayuntamiento de la Bisbal del Pened\u00e8s, correspondiente a este trimestre, con la presencia de todos los concejales del Consistorio. <\/p>\n\n\n\n<figure class=\"wp-block-embed is-type-video is-provider-youtube wp-block-embed-youtube wp-embed-aspect-16-9 wp-has-aspect-ratio\"><div class=\"wp-block-embed__wrapper\">\n<iframe loading=\"lazy\" title=\"Ajuntament de la Bisbal del Pened\u00e8s. Ple ordinari de 20 de juny de 2022\" width=\"1170\" height=\"658\" src=\"https:\/\/www.youtube.com\/embed\/jcNbAzbdKJw?feature=oembed\" frameborder=\"0\" allow=\"accelerometer; autoplay; clipboard-write; encrypted-media; gyroscope; picture-in-picture\" allowfullscreen><\/iframe>\n<\/div><\/figure>\n\n\n\n<p>Se han tratado los siguientes puntos:<\/p>\n\n\n\n<p><strong>1.-Acta del Pleno ordinario del 21 de marzo de 2022<\/strong><\/p>\n\n\n\n<p>Se ha aprobado por unanimidad<\/p>\n\n\n\n<p><strong>2.-Acta del Pleno extraordinario del 28 de abril de 2022<\/strong><\/p>\n\n\n\n<p>Se ha aprobado por unanimidad.<\/p>\n\n\n\n<p><strong>3.-Fiestas locales para el 2023<\/strong><\/p>\n\n\n\n<p>Se ha aprobado por unanimidad.<\/p>\n\n\n\n<p>Se aprueban los siguientes d\u00edas como d\u00edas de fiesta local para el a\u00f1o 2023:<\/p>\n\n\n\n<p>-El lunes 24 de abril, Fiesta de Sant Jordi<\/p>\n\n\n\n<p>-El lunes 14 de agosto, Fiesta Mayor<\/p>\n\n\n\n<p><strong>4.-Se da cuenta al Pleno de los Decretos de alcald\u00eda.<\/strong><\/p>\n\n\n\n<p>Se da cuenta de los Decretos de alcald\u00eda aprobados desde el \u00faltimo Pleno ordinario hasta antes de la convocatoria de este Pleno. Todos los concejales y concejalas del Consistorio tienen acceso al libro de Decretos desde el momento en que son vigentes.<\/p>\n\n\n\n<p><strong>5.-Dar cuenta de las actas de la Junta de Gobierno Local<\/strong><\/p>\n\n\n\n<p>Se da cuenta de las Juntas de Gobierno local celebradas desde el \u00faltimo Pleno ordinario y hasta antes de la convocatoria de este Pleno ordinario. Todos los concejales y concejalas del Consistorio tienen acceso a las actas de las Juntas de Gobierno desde el momento en que se aprueban y tambi\u00e9n est\u00e1n colgadas en el Portal de Transparencia.<\/p>\n\n\n\n<p><strong>6.-Dar cuenta del informe de intervenci\u00f3n sobre la ejecuci\u00f3n del plan de acci\u00f3n<\/strong><\/p>\n\n\n\n<p>Se da cuenta al Pleno del informe de intervenci\u00f3n sobre el Plan de acci\u00f3n, a partir del informe resumen del control financiero del ejercicio 2020, tal como establece la normativa de control interno de las entidades del sector p\u00fablico local. El informe concluye informando de las medidas ejecutadas, las que se est\u00e1n ejecutando y las que se tienen que iniciar.<\/p>\n\n\n\n<p><strong>7.-Dar cuenta del informe anual sobre el control interno 2021<\/strong><\/p>\n\n\n\n<p>En cumplimiento de la normativa de control interno de las entidades del sector p\u00fablico local, se da cuenta al Pleno del informe de resumen anual de intervenci\u00f3n sobre el control interno de 2021.<\/p>\n\n\n\n<p><strong>8.-Dar cuenta del informe anual de auditor\u00eda de sistemas del registro de facturas del 2020<\/strong><\/p>\n\n\n\n<p>Se da cuenta al Pleno del informe de intervenci\u00f3n sobre la auditor\u00eda de sistemas del registro de facturas del 2020, tal como establece la normativa de control interno de las entidades del sector p\u00fablico local.<\/p>\n\n\n\n<p><strong>9.-Dar cuenta del informe de intervenci\u00f3n del control financiero permanente sobre la contrataci\u00f3n menor del 2020<\/strong><\/p>\n\n\n\n<p>Se da cuenta del informe de control financiero permanente sobre la contrataci\u00f3n menor del ejercicio 2020 en cumplimiento de la normativa de control interno de las entidades del sector p\u00fablico local.<\/p>\n\n\n\n<p><strong>10.-Dar cuenta del informe del c\u00e1lculo de la estabilidad presupuestaria y la sostenibilidad financiera del presupuesto 2022, con motivo de la aprobaci\u00f3n de la liquidaci\u00f3n del ejercicio 2021<\/strong><\/p>\n\n\n\n<p>Se da cuenta al Pleno del informe de intervenci\u00f3n relativo al c\u00e1lculo de la estabilidad presupuestaria y sostenibilidad financiera del presupuesto 2022, con motivo de la aprobaci\u00f3n de la liquidaci\u00f3n del presupuesto 2021, en cumplimiento de la normativa de haciendas locales y de estabilidad presupuestaria y sostenibilidad financiera. El informe concluye con el cumplimiento del Ayuntamiento con los objetivos de estabilidad presupuestaria, regla del gasto y deuda.<\/p>\n\n\n\n<p><strong>Turno de Ruegos y preguntas<\/strong><\/p>\n","protected":false},"excerpt":{"rendered":"<p>Aquest dilluns 20 de juny, a les 19h, s&#8217;ha celebrat el Ple ordinari de l&#8217;Ajuntament de la Bisbal del Pened\u00e8s, corresponent a aquest trimestre, amb la pres\u00e8ncia de tots els &hellip; <a href=\"https:\/\/bisbalpenedes.com\/web\/2022\/06\/22\/aquest-dilluns-20-de-juny-ha-tingut-lloc-el-ple-ordinari-de-lajuntament-de-la-bisbal-del-penedes\/\" class=\"more-link\">Read More<\/a><\/p>\n","protected":false},"author":4,"featured_media":22368,"comment_status":"closed","ping_status":"closed","sticky":false,"template":"","format":"standard","meta":[],"categories":[8,2250],"tags":[459,5354,393,139,249],"_links":{"self":[{"href":"https:\/\/bisbalpenedes.com\/web\/wp-json\/wp\/v2\/posts\/22367"}],"collection":[{"href":"https:\/\/bisbalpenedes.com\/web\/wp-json\/wp\/v2\/posts"}],"about":[{"href":"https:\/\/bisbalpenedes.com\/web\/wp-json\/wp\/v2\/types\/post"}],"author":[{"embeddable":true,"href":"https:\/\/bisbalpenedes.com\/web\/wp-json\/wp\/v2\/users\/4"}],"replies":[{"embeddable":true,"href":"https:\/\/bisbalpenedes.com\/web\/wp-json\/wp\/v2\/comments?post=22367"}],"version-history":[{"count":1,"href":"https:\/\/bisbalpenedes.com\/web\/wp-json\/wp\/v2\/posts\/22367\/revisions"}],"predecessor-version":[{"id":22369,"href":"https:\/\/bisbalpenedes.com\/web\/wp-json\/wp\/v2\/posts\/22367\/revisions\/22369"}],"wp:featuredmedia":[{"embeddable":true,"href":"https:\/\/bisbalpenedes.com\/web\/wp-json\/wp\/v2\/media\/22368"}],"wp:attachment":[{"href":"https:\/\/bisbalpenedes.com\/web\/wp-json\/wp\/v2\/media?parent=22367"}],"wp:term":[{"taxonomy":"category","embeddable":true,"href":"https:\/\/bisbalpenedes.com\/web\/wp-json\/wp\/v2\/categories?post=22367"},{"taxonomy":"post_tag","embeddable":true,"href":"https:\/\/bisbalpenedes.com\/web\/wp-json\/wp\/v2\/tags?post=22367"}],"curies":[{"name":"wp","href":"https:\/\/api.w.org\/{rel}","templated":true}]}}