{"id":22354,"date":"2022-06-21T19:49:11","date_gmt":"2022-06-21T17:49:11","guid":{"rendered":"https:\/\/bisbalpenedes.com\/web\/?p=22354"},"modified":"2022-06-21T19:49:11","modified_gmt":"2022-06-21T17:49:11","slug":"sobre-el-periode-de-licitacio-de-les-obres-de-rehabilitacio-i-ampliacio-de-la-fase-1-del-poliesportiu-municipal","status":"publish","type":"post","link":"https:\/\/bisbalpenedes.com\/web\/2022\/06\/21\/sobre-el-periode-de-licitacio-de-les-obres-de-rehabilitacio-i-ampliacio-de-la-fase-1-del-poliesportiu-municipal\/","title":{"rendered":"S\u2019obre el per\u00edode de licitaci\u00f3 de les obres de rehabilitaci\u00f3 i ampliaci\u00f3 de la fase 1 del poliesportiu municipal"},"content":{"rendered":"\n<p>La Junta de Govern extraordin\u00e0ria del 21 de juny de 2022 ha aprovat la licitaci\u00f3 de la fase 1 de les obres de rehabilitaci\u00f3 i ampliaci\u00f3 del poliesportiu municipal, consistent en la rehabilitaci\u00f3 del pavell\u00f3 poliesportiu i la construcci\u00f3 dels vestuaris del pavell\u00f3 (aquestes obres no inclouen l\u2019obra de la paret que dona al bar poliesportiu municipal, que s\u2019inclour\u00e0 a la fase 2 de projecte). L\u2019import de la licitaci\u00f3 ascendeix a 1.568.806,18\u20ac (IVA incl\u00f2s) i s\u2019estima que les obres tindran una durada d\u2019execuci\u00f3 de 18 mesos.<\/p>\n\n\n\n<p>El passat mes de febrer de 2022 es va declarar deserta la licitaci\u00f3 de les obres de la primera fase del poliesportiu municipal. Segons ha explicat l\u2019alcaldessa de la Bisbal del Pened\u00e8s i responsable de l\u2019\u00e0rea d\u2019Urbanisme, Agn\u00e8s Ferr\u00e9, <em>\u201cel motiu va ser que, despr\u00e9s de licitar les obres el 2021, els preus de les mat\u00e8ries primeres va patir un fort augment de preu que va ocasionar que les empreses que es van presentar per fer les obres -abans d\u2019aquest increment de preus- no poguessin assumir el cost de les obres amb el preu inicial\u201d.<\/em> Per tot plegat, el mar\u00e7 de 2022 es va aprovar la despesa menor per a l\u2019actualitzaci\u00f3 dels preus del projecte i per revisar els amidaments i pl\u00e0nols, al maig es va aprovar definitivament el nou projecte modificat i, la setmana passada, es va aprovar iniciar l\u2019expedient de la licitaci\u00f3. Ara s\u2019ha aprovat la licitaci\u00f3 de la fase 1 de les obres de rehabilitaci\u00f3 i ampliaci\u00f3 del poliesportiu municipal i s\u2019ha publicat al perfil del contractant perqu\u00e8 les empreses interessades s\u2019hi puguin presentar <strong>fins al 18 de juliol de 2022 a les 13h: <\/strong><a href=\"https:\/\/contractaciopublica.gencat.cat\/ecofin_pscp\/AppJava\/notice.pscp?reqCode=viewCn&amp;idDoc=103516018&amp;lawType=\">https:\/\/contractaciopublica.gencat.cat\/ecofin_pscp\/AppJava\/notice.pscp?reqCode=viewCn&amp;idDoc=103516018&amp;lawType=<\/a><\/p>\n\n\n\n<hr class=\"wp-block-separator has-alpha-channel-opacity\"\/>\n\n\n\n<p>La Junta de Gobierno extraordinaria del 21 de junio de 2022 ha aprobado la licitaci\u00f3n de la fase 1 de las obras de licitaci\u00f3n y ampliaci\u00f3n del polideportivo municipal, consistente en la rehabilitaci\u00f3n del pabell\u00f3n polideportivo y la construcci\u00f3n de los vestuarios del pabell\u00f3n (estas obras no incluyen la obra de la pared que da al bar polideportivo municipal, que se incluir\u00e1 en la fase 2 del proyecto). El importe de la licitaci\u00f3n asciende a 1.568.806,18\u20ac (IVA incluido) y se estima que las obras tendr\u00e1n una duraci\u00f3n de ejecuci\u00f3n de 18 meses.<\/p>\n\n\n\n<p>El pasado mes de febrero de 2022 se declar\u00f3 desierta la licitaci\u00f3n de las obras de la primera fase del polideportivo municipal. Seg\u00fan ha explicado la alcaldesa de la Bisbal del Pened\u00e8s y responsable del \u00e1rea de Urbanismo, Agn\u00e8s Ferr\u00e9 <em>\u201cel motivo fue que, despu\u00e9s de licitar las obras el 2021, los precios de las materias primas sufri\u00f3 un fuerte aumento de precio que ocasion\u00f3 que las empresas que se presentaron para hacer las obras -antes de este incremento de precio- no pudiesen asumir el coste de las obras con el precio inicial\u201d<\/em>. Por todo ello, en marzo del 2022 se aprob\u00f3 el gasto menor para la actualizaci\u00f3n de los precios del proyecto y para revisar las mediciones y planos, en mayo se aprob\u00f3 definitivamente el nuevo proyecto modificado y, la semana pasada, se aprob\u00f3 iniciar el expediente de la licitaci\u00f3n. Ahora se ha aprobado la licitaci\u00f3n de la fase 1 de las obras de rehabilitaci\u00f3n y la ampliaci\u00f3n del polideportivo municipal y se ha publicado en el perfil del contratante para que las empresas interesadas se puedan presentar hasta el 18 de julio de 2022 a las 13h: <a href=\"https:\/\/contractaciopublica.gencat.cat\/ecofin_pscp\/AppJava\/notice.pscp?reqCode=viewCn&amp;idDoc=103516018&amp;lawType=\">https:\/\/contractaciopublica.gencat.cat\/ecofin_pscp\/AppJava\/notice.pscp?reqCode=viewCn&amp;idDoc=103516018&amp;lawType=<\/a><\/p>\n","protected":false},"excerpt":{"rendered":"<p>La Junta de Govern extraordin\u00e0ria del 21 de juny de 2022 ha aprovat la licitaci\u00f3 de la fase 1 de les obres de rehabilitaci\u00f3 i ampliaci\u00f3 del poliesportiu municipal, consistent &hellip; <a href=\"https:\/\/bisbalpenedes.com\/web\/2022\/06\/21\/sobre-el-periode-de-licitacio-de-les-obres-de-rehabilitacio-i-ampliacio-de-la-fase-1-del-poliesportiu-municipal\/\" class=\"more-link\">Read More<\/a><\/p>\n","protected":false},"author":4,"featured_media":22355,"comment_status":"closed","ping_status":"closed","sticky":false,"template":"","format":"standard","meta":[],"categories":[19,3085,3278,8,15],"tags":[393,267,483,394,1518],"_links":{"self":[{"href":"https:\/\/bisbalpenedes.com\/web\/wp-json\/wp\/v2\/posts\/22354"}],"collection":[{"href":"https:\/\/bisbalpenedes.com\/web\/wp-json\/wp\/v2\/posts"}],"about":[{"href":"https:\/\/bisbalpenedes.com\/web\/wp-json\/wp\/v2\/types\/post"}],"author":[{"embeddable":true,"href":"https:\/\/bisbalpenedes.com\/web\/wp-json\/wp\/v2\/users\/4"}],"replies":[{"embeddable":true,"href":"https:\/\/bisbalpenedes.com\/web\/wp-json\/wp\/v2\/comments?post=22354"}],"version-history":[{"count":1,"href":"https:\/\/bisbalpenedes.com\/web\/wp-json\/wp\/v2\/posts\/22354\/revisions"}],"predecessor-version":[{"id":22356,"href":"https:\/\/bisbalpenedes.com\/web\/wp-json\/wp\/v2\/posts\/22354\/revisions\/22356"}],"wp:featuredmedia":[{"embeddable":true,"href":"https:\/\/bisbalpenedes.com\/web\/wp-json\/wp\/v2\/media\/22355"}],"wp:attachment":[{"href":"https:\/\/bisbalpenedes.com\/web\/wp-json\/wp\/v2\/media?parent=22354"}],"wp:term":[{"taxonomy":"category","embeddable":true,"href":"https:\/\/bisbalpenedes.com\/web\/wp-json\/wp\/v2\/categories?post=22354"},{"taxonomy":"post_tag","embeddable":true,"href":"https:\/\/bisbalpenedes.com\/web\/wp-json\/wp\/v2\/tags?post=22354"}],"curies":[{"name":"wp","href":"https:\/\/api.w.org\/{rel}","templated":true}]}}