{"id":22346,"date":"2022-06-21T18:37:03","date_gmt":"2022-06-21T16:37:03","guid":{"rendered":"https:\/\/bisbalpenedes.com\/web\/?p=22346"},"modified":"2022-06-21T18:37:34","modified_gmt":"2022-06-21T16:37:34","slug":"comencen-els-treballs-dobertura-de-les-franges-forestals-perimetrals-de-can-gordei-i-lesplai","status":"publish","type":"post","link":"https:\/\/bisbalpenedes.com\/web\/2022\/06\/21\/comencen-els-treballs-dobertura-de-les-franges-forestals-perimetrals-de-can-gordei-i-lesplai\/","title":{"rendered":"Comencen els treballs d&#8217;obertura de les franges forestals perimetrals de Can Gordei i l&#8217;Esplai"},"content":{"rendered":"\n<p>Avui han comen\u00e7at els treballs d\u2019obertura de les franges forestals perimetrals de les urbanitzacions Can Gordei i l\u2019Esplai. Es far\u00e0:<\/p>\n\n\n\n<ul><li>Franja est de Can Gordei: la zona que va paral\u00b7lela als carrers Segre i Ter, des de la C-51 fins als dip\u00f2sits d\u2019aigua del primer pol\u00edgon. Aquesta \u00e9s en la que s&#8217;ha comen\u00e7at a treballar avui.<\/li><li>El segon pol\u00edgon de Can Gordei: tota la franja.<\/li><li>L\u2019Esplai: una petita zona que queda pendent al barranc del quadrell (paral\u00b7lel al carrer del Foix) i una franja d\u2019entre 20 i 40 metres d\u2019amplada que queda a l\u2019Esplai, paral\u00b7lela al carrer Francisco de Goya i la carretera de Mas Arbon\u00e8s.<\/li><\/ul>\n\n\n\n<hr class=\"wp-block-separator has-alpha-channel-opacity\"\/>\n\n\n\n<p><strong>CASTELLANO |<\/strong> Hoy han empezado los trabajos de apertura de las franjas forestales perimetrales de las urbanizaciones Can Gordei y l&#8217;Esplai. Se har\u00e1:&nbsp;<\/p>\n\n\n\n<ul><li>Franja este de Can Gordei: la zona que va paralela a las calles Segre y Ter, desde la C-51 hasta los dep\u00f3sitos de agua del primer pol\u00edgono. Esta es en la que se ha empezado a trabajar hoy.\u00a0<\/li><li>El segundo pol\u00edgono de Can Gordei: toda la franja.<\/li><li>L\u2019Esplai: una peque\u00f1a zona que queda pendiente en el barranco del <em>quadrell<\/em> (paralelo a la calle del Foix) y una franja de entre 20 y 40 metros de anchura que queda en l\u2019Esplai, paralela en la calle Francisco de Goya y la carretera de Mas Arbon\u00e8s.<\/li><\/ul>\n\n\n\n<p><\/p>\n","protected":false},"excerpt":{"rendered":"<p>Avui han comen\u00e7at els treballs d\u2019obertura de les franges forestals perimetrals de les urbanitzacions Can Gordei i l\u2019Esplai. Es far\u00e0: Franja est de Can Gordei: la zona que va paral\u00b7lela &hellip; <a href=\"https:\/\/bisbalpenedes.com\/web\/2022\/06\/21\/comencen-els-treballs-dobertura-de-les-franges-forestals-perimetrals-de-can-gordei-i-lesplai\/\" class=\"more-link\">Read More<\/a><\/p>\n","protected":false},"author":4,"featured_media":22347,"comment_status":"closed","ping_status":"closed","sticky":false,"template":"","format":"standard","meta":[],"categories":[32,8],"tags":[459,5020,1914,393,220,1374],"_links":{"self":[{"href":"https:\/\/bisbalpenedes.com\/web\/wp-json\/wp\/v2\/posts\/22346"}],"collection":[{"href":"https:\/\/bisbalpenedes.com\/web\/wp-json\/wp\/v2\/posts"}],"about":[{"href":"https:\/\/bisbalpenedes.com\/web\/wp-json\/wp\/v2\/types\/post"}],"author":[{"embeddable":true,"href":"https:\/\/bisbalpenedes.com\/web\/wp-json\/wp\/v2\/users\/4"}],"replies":[{"embeddable":true,"href":"https:\/\/bisbalpenedes.com\/web\/wp-json\/wp\/v2\/comments?post=22346"}],"version-history":[{"count":2,"href":"https:\/\/bisbalpenedes.com\/web\/wp-json\/wp\/v2\/posts\/22346\/revisions"}],"predecessor-version":[{"id":22349,"href":"https:\/\/bisbalpenedes.com\/web\/wp-json\/wp\/v2\/posts\/22346\/revisions\/22349"}],"wp:featuredmedia":[{"embeddable":true,"href":"https:\/\/bisbalpenedes.com\/web\/wp-json\/wp\/v2\/media\/22347"}],"wp:attachment":[{"href":"https:\/\/bisbalpenedes.com\/web\/wp-json\/wp\/v2\/media?parent=22346"}],"wp:term":[{"taxonomy":"category","embeddable":true,"href":"https:\/\/bisbalpenedes.com\/web\/wp-json\/wp\/v2\/categories?post=22346"},{"taxonomy":"post_tag","embeddable":true,"href":"https:\/\/bisbalpenedes.com\/web\/wp-json\/wp\/v2\/tags?post=22346"}],"curies":[{"name":"wp","href":"https:\/\/api.w.org\/{rel}","templated":true}]}}