{"id":22341,"date":"2022-06-21T17:40:47","date_gmt":"2022-06-21T15:40:47","guid":{"rendered":"https:\/\/bisbalpenedes.com\/web\/?p=22341"},"modified":"2022-06-21T20:04:26","modified_gmt":"2022-06-21T18:04:26","slug":"saprova-una-proposta-de-lordre-del-dia-de-la-junta-de-govern-local-extraordinaria-del-21-de-juny-amb-competencies-delegades-del-ple","status":"publish","type":"post","link":"https:\/\/bisbalpenedes.com\/web\/2022\/06\/21\/saprova-una-proposta-de-lordre-del-dia-de-la-junta-de-govern-local-extraordinaria-del-21-de-juny-amb-competencies-delegades-del-ple\/","title":{"rendered":"S&#8217;aprova una proposta de l&#8217;Ordre del dia de la Junta de Govern\u00a0local extraordin\u00e0ria del 21 de juny amb compet\u00e8ncies delegades del Ple"},"content":{"rendered":"\n<p>La Junta de Govern extraordin\u00e0ria del dimarts 21 de juny contenia -i va aprovar- una proposta amb compet\u00e8ncia delegada del Ple a la Junta de Govern:<\/p>\n\n\n\n<ul><li>Expedient 1193\/2022 Aprovar els plecs de cl\u00e0usules per licitar el projecte de remodelaci\u00f3 i ampliaci\u00f3 del poliesportiu municipal (fases 1.1 i 1.2), i la seva publicaci\u00f3 al perfil del contractant.<\/li><\/ul>\n\n\n\n<p>Les sessions de la Junta de Govern Local no s\u00f3n p\u00fabliques, per\u00f2 quan actua amb compet\u00e8ncies delegades del Ple, la Sessi\u00f3 se sotmet als mateixos requisits de publicitat que les Sessions del Ple, que s\u00f3n p\u00fabliques. Aix\u00ed ho va declarar la STS 161\/2013, de\u00a026 de setembre. Per aquest motiu es van obrir les portes de la sala de plens\u00a0a les 08:20h, perqu\u00e8, qui ho desitg\u00e9s, pogu\u00e9s assistir com a p\u00fablic a l&#8217;explicaci\u00f3 i votaci\u00f3 d&#8217;aquest punt a la Junta de Govern. Tamb\u00e9 es va gravar aquest punt de l&#8217;ordre del dia i ara publiquem el v\u00eddeo per garantir la seva publicitat.<\/p>\n\n\n\n<figure class=\"wp-block-embed is-type-video is-provider-youtube wp-block-embed-youtube wp-embed-aspect-16-9 wp-has-aspect-ratio\"><div class=\"wp-block-embed__wrapper\">\n<iframe loading=\"lazy\" title=\"Proposta de la Junta de Govern local extraordin\u00e0ria del 21 06 22 amb compet\u00e8ncies delegades del Ple.\" width=\"1170\" height=\"658\" src=\"https:\/\/www.youtube.com\/embed\/3nskJd-zwo8?feature=oembed\" frameborder=\"0\" allow=\"accelerometer; autoplay; clipboard-write; encrypted-media; gyroscope; picture-in-picture\" allowfullscreen><\/iframe>\n<\/div><\/figure>\n\n\n\n<hr class=\"wp-block-separator has-alpha-channel-opacity\"\/>\n\n\n\n<p><strong>CASTELLANO |&nbsp;<\/strong>La Junta de Gobierno extraordinaria del martes 21 de junio conten\u00eda -y aprob\u00f3- una propuesta con competencia delegada del Pleno a la Junta de Gobierno:<\/p>\n\n\n\n<ul><li>Expediente 1193\/2022 Aprobar los pliegos de cl\u00e1usulas para licitar el proyecto de remodelaci\u00f3n y ampliaci\u00f3n del polideportivo municipal (fases 1.1. y 1.2), y su publicaci\u00f3n en el perfil del contratante.<\/li><\/ul>\n\n\n\n<p>Las sesiones de la Junta de Gobierno Local no son p\u00fablicas, pero cuando act\u00faa con competencias delegadas del Pleno, la Sesi\u00f3n se somete a los mismos requisitos de publicidad que las Sesiones del Pleno, que son p\u00fablicas. As\u00ed lo declar\u00f3 la STS 161\/2013, de 26 de septiembre. Por este motivo se abrieron las puertas de la sala de plenos a las 08:20h, para que, quien lo desease, pudiese asistir como p\u00fablico a la explicaci\u00f3n y votaci\u00f3n de este punto en la Junta de Gobierno. Tambi\u00e9n se grab\u00f3 este punto en el orden del d\u00eda y ahora publicamos el v\u00eddeo para garantizar su publicidad.&nbsp;<\/p>\n\n\n\n<p><\/p>\n","protected":false},"excerpt":{"rendered":"<p>La Junta de Govern extraordin\u00e0ria del dimarts 21 de juny contenia -i va aprovar- una proposta amb compet\u00e8ncia delegada del Ple a la Junta de Govern: Expedient 1193\/2022 Aprovar els &hellip; <a href=\"https:\/\/bisbalpenedes.com\/web\/2022\/06\/21\/saprova-una-proposta-de-lordre-del-dia-de-la-junta-de-govern-local-extraordinaria-del-21-de-juny-amb-competencies-delegades-del-ple\/\" class=\"more-link\">Read More<\/a><\/p>\n","protected":false},"author":4,"featured_media":22342,"comment_status":"closed","ping_status":"closed","sticky":false,"template":"","format":"standard","meta":[],"categories":[19,3085,8,2250,15],"tags":[686,393,483],"_links":{"self":[{"href":"https:\/\/bisbalpenedes.com\/web\/wp-json\/wp\/v2\/posts\/22341"}],"collection":[{"href":"https:\/\/bisbalpenedes.com\/web\/wp-json\/wp\/v2\/posts"}],"about":[{"href":"https:\/\/bisbalpenedes.com\/web\/wp-json\/wp\/v2\/types\/post"}],"author":[{"embeddable":true,"href":"https:\/\/bisbalpenedes.com\/web\/wp-json\/wp\/v2\/users\/4"}],"replies":[{"embeddable":true,"href":"https:\/\/bisbalpenedes.com\/web\/wp-json\/wp\/v2\/comments?post=22341"}],"version-history":[{"count":3,"href":"https:\/\/bisbalpenedes.com\/web\/wp-json\/wp\/v2\/posts\/22341\/revisions"}],"predecessor-version":[{"id":22357,"href":"https:\/\/bisbalpenedes.com\/web\/wp-json\/wp\/v2\/posts\/22341\/revisions\/22357"}],"wp:featuredmedia":[{"embeddable":true,"href":"https:\/\/bisbalpenedes.com\/web\/wp-json\/wp\/v2\/media\/22342"}],"wp:attachment":[{"href":"https:\/\/bisbalpenedes.com\/web\/wp-json\/wp\/v2\/media?parent=22341"}],"wp:term":[{"taxonomy":"category","embeddable":true,"href":"https:\/\/bisbalpenedes.com\/web\/wp-json\/wp\/v2\/categories?post=22341"},{"taxonomy":"post_tag","embeddable":true,"href":"https:\/\/bisbalpenedes.com\/web\/wp-json\/wp\/v2\/tags?post=22341"}],"curies":[{"name":"wp","href":"https:\/\/api.w.org\/{rel}","templated":true}]}}