{"id":2234,"date":"2017-04-10T00:26:07","date_gmt":"2017-04-09T18:26:07","guid":{"rendered":"http:\/\/bisbalpenedes.com\/web\/?p=2234"},"modified":"2017-04-10T00:26:07","modified_gmt":"2017-04-09T18:26:07","slug":"la-bisbal-inclou-un-taller-de-benestar-emocional-al-programa-dactivitats-per-a-la-gent-gran","status":"publish","type":"post","link":"https:\/\/bisbalpenedes.com\/web\/2017\/04\/10\/la-bisbal-inclou-un-taller-de-benestar-emocional-al-programa-dactivitats-per-a-la-gent-gran\/","title":{"rendered":"La Bisbal inclou un taller de benestar emocional al programa d&#8217;activitats per a la gent gran"},"content":{"rendered":"<p>El programa d&#8217;activitat f\u00edsica saludable i d&#8217;estimulaci\u00f3 cognitiva i emocional inclou, aquest trimestre, un taller de benestar emocional que es realitza tots els dimarts de 17.15 a 19.15h. L&#8217;activitat es duu a terme a la sala gran del CMC. Aquesta activitat se suma a les que ja es venien realitzant els dilluns i els dimecres de les 10.45h a les 12.15h i el preu (15\u20ac per trimestre per als majors de 65 anys) no varia. Per a m\u00e9s informaci\u00f3 adreceu-vos a l&#8217;Ajuntament de La Bisbal del Pened\u00e8s.<\/p>\n<p><a href=\"http:\/\/bisbalpenedes.com\/web\/wp-content\/uploads\/2017\/04\/parc-salut-no-perdem-ritme-2017c.jpg\"><img loading=\"lazy\" class=\"aligncenter size-large wp-image-2235\" title=\"parc-salut-no-perdem-ritme-2017c\" src=\"http:\/\/bisbalpenedes.com\/web\/wp-content\/uploads\/2017\/04\/parc-salut-no-perdem-ritme-2017c-721x1024.jpg\" alt=\"\" width=\"630\" height=\"894\" srcset=\"https:\/\/bisbalpenedes.com\/web\/wp-content\/uploads\/2017\/04\/parc-salut-no-perdem-ritme-2017c-721x1024.jpg 721w, https:\/\/bisbalpenedes.com\/web\/wp-content\/uploads\/2017\/04\/parc-salut-no-perdem-ritme-2017c-600x851.jpg 600w, https:\/\/bisbalpenedes.com\/web\/wp-content\/uploads\/2017\/04\/parc-salut-no-perdem-ritme-2017c-211x300.jpg 211w, https:\/\/bisbalpenedes.com\/web\/wp-content\/uploads\/2017\/04\/parc-salut-no-perdem-ritme-2017c.jpg 850w\" sizes=\"(max-width: 630px) 100vw, 630px\" \/><\/a><\/p>\n","protected":false},"excerpt":{"rendered":"<p>El programa d&#8217;activitat f\u00edsica saludable i d&#8217;estimulaci\u00f3 cognitiva i emocional inclou, aquest trimestre, un taller de benestar emocional que es realitza tots els dimarts de 17.15 a 19.15h. L&#8217;activitat es &hellip; <a href=\"https:\/\/bisbalpenedes.com\/web\/2017\/04\/10\/la-bisbal-inclou-un-taller-de-benestar-emocional-al-programa-dactivitats-per-a-la-gent-gran\/\" class=\"more-link\">Read More<\/a><\/p>\n","protected":false},"author":4,"featured_media":2235,"comment_status":"closed","ping_status":"closed","sticky":false,"template":"","format":"standard","meta":[],"categories":[4],"tags":[306,304,305,145],"_links":{"self":[{"href":"https:\/\/bisbalpenedes.com\/web\/wp-json\/wp\/v2\/posts\/2234"}],"collection":[{"href":"https:\/\/bisbalpenedes.com\/web\/wp-json\/wp\/v2\/posts"}],"about":[{"href":"https:\/\/bisbalpenedes.com\/web\/wp-json\/wp\/v2\/types\/post"}],"author":[{"embeddable":true,"href":"https:\/\/bisbalpenedes.com\/web\/wp-json\/wp\/v2\/users\/4"}],"replies":[{"embeddable":true,"href":"https:\/\/bisbalpenedes.com\/web\/wp-json\/wp\/v2\/comments?post=2234"}],"version-history":[{"count":1,"href":"https:\/\/bisbalpenedes.com\/web\/wp-json\/wp\/v2\/posts\/2234\/revisions"}],"predecessor-version":[{"id":2236,"href":"https:\/\/bisbalpenedes.com\/web\/wp-json\/wp\/v2\/posts\/2234\/revisions\/2236"}],"wp:featuredmedia":[{"embeddable":true,"href":"https:\/\/bisbalpenedes.com\/web\/wp-json\/wp\/v2\/media\/2235"}],"wp:attachment":[{"href":"https:\/\/bisbalpenedes.com\/web\/wp-json\/wp\/v2\/media?parent=2234"}],"wp:term":[{"taxonomy":"category","embeddable":true,"href":"https:\/\/bisbalpenedes.com\/web\/wp-json\/wp\/v2\/categories?post=2234"},{"taxonomy":"post_tag","embeddable":true,"href":"https:\/\/bisbalpenedes.com\/web\/wp-json\/wp\/v2\/tags?post=2234"}],"curies":[{"name":"wp","href":"https:\/\/api.w.org\/{rel}","templated":true}]}}