{"id":22335,"date":"2022-06-21T08:51:28","date_gmt":"2022-06-21T06:51:28","guid":{"rendered":"https:\/\/bisbalpenedes.com\/web\/?p=22335"},"modified":"2022-06-21T08:51:54","modified_gmt":"2022-06-21T06:51:54","slug":"saprova-el-pagament-de-la-quota-de-lamtu-per-al-2022","status":"publish","type":"post","link":"https:\/\/bisbalpenedes.com\/web\/2022\/06\/21\/saprova-el-pagament-de-la-quota-de-lamtu-per-al-2022\/","title":{"rendered":"S&#8217;aprova el pagament de la quota de l&#8217;AMTU per al 2022"},"content":{"rendered":"\n<p>La Junta de Govern del 13 de juny de 2022 va aprovar el pagament de la quota del 2022 de l&#8217;Associaci\u00f3 de Municipis per la Mobilitat i el Transport Urb\u00e0 (AMTU) per un import de 491,50\u20ac.<\/p>\n\n\n\n<p>L&#8217;AMTU \u00e9s una associaci\u00f3 de municipis d&#8217;\u00e0mbit catal\u00e0 que treballa per la mobilitat i les infraestructures de transport p\u00fablic d&#8217;arreu de Catalunya. En l\u2019actualitat compta amb 122 entitats associades i ofereix servei t\u00e8cnic, jur\u00eddic i administratiu als seus associats en mat\u00e8ria de mobilitat, infraestructures i transport p\u00fablic. L\u2019Ajuntament de la Bisbal del Pened\u00e8s es va adherir a l\u2019AMTU mitjan\u00e7ant l\u2019aprovaci\u00f3 de l\u2019esmentada adhesi\u00f3 en el Ple ordinari del 17 de desembre de 2018.<\/p>\n\n\n\n<hr class=\"wp-block-separator has-alpha-channel-opacity\"\/>\n\n\n\n<p>La Junta de Gobierno del 13 de junio de 2022 aprob\u00f3 el pago de la cuota del 2022 de la Associaci\u00f3 de Municipis per la Mobilitat i el Transport Urb\u00e0 (AMTU) por un importe de 491,50\u20ac.<\/p>\n\n\n\n<p>La AMTU es una asociaci\u00f3n de municipios de \u00e1mbito catal\u00e1n que trabaja por la movilidad y las infraestructuras de transporte p\u00fablico de toda Catalu\u00f1a. En la actualidad cuenta con 122 entidades asociadas y ofrece servicio t\u00e9cnico, jur\u00eddico y administrativo a sus asociados en materia de movilidad, infraestructuras y transporte p\u00fablico. El Ayuntamiento de la Bisbal del Pened\u00e8s se adhiri\u00f3 a la AMTU mediante la aprovaci\u00f3n de dicha adhesi\u00f3n en el Pleno ordinario del 17 de diciembre de 2018.<\/p>\n","protected":false},"excerpt":{"rendered":"<p>La Junta de Govern del 13 de juny de 2022 va aprovar el pagament de la quota del 2022 de l&#8217;Associaci\u00f3 de Municipis per la Mobilitat i el Transport Urb\u00e0 &hellip; <a href=\"https:\/\/bisbalpenedes.com\/web\/2022\/06\/21\/saprova-el-pagament-de-la-quota-de-lamtu-per-al-2022\/\" class=\"more-link\">Read More<\/a><\/p>\n","protected":false},"author":4,"featured_media":14050,"comment_status":"closed","ping_status":"closed","sticky":false,"template":"","format":"standard","meta":[],"categories":[3085,3859,8],"tags":[2530,459,686,393,3355],"_links":{"self":[{"href":"https:\/\/bisbalpenedes.com\/web\/wp-json\/wp\/v2\/posts\/22335"}],"collection":[{"href":"https:\/\/bisbalpenedes.com\/web\/wp-json\/wp\/v2\/posts"}],"about":[{"href":"https:\/\/bisbalpenedes.com\/web\/wp-json\/wp\/v2\/types\/post"}],"author":[{"embeddable":true,"href":"https:\/\/bisbalpenedes.com\/web\/wp-json\/wp\/v2\/users\/4"}],"replies":[{"embeddable":true,"href":"https:\/\/bisbalpenedes.com\/web\/wp-json\/wp\/v2\/comments?post=22335"}],"version-history":[{"count":1,"href":"https:\/\/bisbalpenedes.com\/web\/wp-json\/wp\/v2\/posts\/22335\/revisions"}],"predecessor-version":[{"id":22336,"href":"https:\/\/bisbalpenedes.com\/web\/wp-json\/wp\/v2\/posts\/22335\/revisions\/22336"}],"wp:featuredmedia":[{"embeddable":true,"href":"https:\/\/bisbalpenedes.com\/web\/wp-json\/wp\/v2\/media\/14050"}],"wp:attachment":[{"href":"https:\/\/bisbalpenedes.com\/web\/wp-json\/wp\/v2\/media?parent=22335"}],"wp:term":[{"taxonomy":"category","embeddable":true,"href":"https:\/\/bisbalpenedes.com\/web\/wp-json\/wp\/v2\/categories?post=22335"},{"taxonomy":"post_tag","embeddable":true,"href":"https:\/\/bisbalpenedes.com\/web\/wp-json\/wp\/v2\/tags?post=22335"}],"curies":[{"name":"wp","href":"https:\/\/api.w.org\/{rel}","templated":true}]}}