{"id":22325,"date":"2022-06-20T14:57:57","date_gmt":"2022-06-20T12:57:57","guid":{"rendered":"https:\/\/bisbalpenedes.com\/web\/?p=22325"},"modified":"2022-06-20T17:29:07","modified_gmt":"2022-06-20T15:29:07","slug":"lajuntament-licitara-les-obres-de-millora-de-la-xarxa-daigua-del-priorat-i-can-gordei-aquest-2022-per-un-import-de-583-82376e-iva-inclos","status":"publish","type":"post","link":"https:\/\/bisbalpenedes.com\/web\/2022\/06\/20\/lajuntament-licitara-les-obres-de-millora-de-la-xarxa-daigua-del-priorat-i-can-gordei-aquest-2022-per-un-import-de-583-82376e-iva-inclos\/","title":{"rendered":"S\u2019aprova inicialment el projecte de millores a la xarxa d\u2019aigua del Priorat i Can\u00a0Gordei"},"content":{"rendered":"\n<p>L&#8217;alcaldessa de la Bisbal del Pened\u00e8s, Agn\u00e8s Ferr\u00e9, ha signat un Decret d&#8217;Alcaldia aquest dilluns 20 de juny de 2022 per aprovar inicialment el projecte de renovaci\u00f3 parcial de la xarxa d&#8217;aigua del Priorat i Can Gordei, per un import de 583.823,76\u20ac (IVA incl\u00f2s). La xarxa d&#8217;abastament d&#8217;aigua d&#8217;ambd\u00f3s barris compta amb trams deteriorats per problemes amb la cal\u00e7 precipitada i la formaci\u00f3 de taps a dins dels tubs.<\/p>\n\n\n\n<p>Ara, el projecte s&#8217;exposar\u00e0 30 dies al p\u00fablic. Properament s&#8217;aprovar\u00e0 una modificaci\u00f3 de cr\u00e8dit per l&#8217;import d&#8217;aquesta inversi\u00f3 i, una vegada aprovat definitivament el projecte i la modificaci\u00f3 de cr\u00e8dit, ja es podr\u00e0 licitar l&#8217;obra.<\/p>\n\n\n\n<p>Les intervencions previstes en aquest projecte, s\u00f3n les seg\u00fcents:<\/p>\n\n\n\n<h2><strong>PRIORAT DE LA BISBAL<\/strong><\/h2>\n\n\n\n<p>Canviar i soterrar 437 metres de tubs als carrers Zamora, Cuenca, Teruel, C\u00f3rdoba i la Coru\u00f1a.<\/p>\n\n\n\n<p>Canviar les v\u00e0lvules reguladores al carrer Huesca i a la intersecci\u00f3 del carrer Huesca amb l&#8217;avinguda del Priorat<\/p>\n\n\n\n<p>Fer les unions a la xarxa de l&#8217;avinguda del Priorat, en els punts on la canonada no t\u00e9 continu\u00eftat (S\u00f2ria, Guadalajara, Cuenca, Zamora, San Sebasti\u00e1n, Burgos i Badajoz), per evitar punts cecs d&#8217;acumulaci\u00f3 de brut\u00edcia i millorar les pressions a la xarxa.<\/p>\n\n\n\n<h2><strong>CAN GORDEI<\/strong><\/h2>\n\n\n\n<p>Canviar i soterrar 693 metres de tub als carrers Llobregat, Ebre, Tordera i Bes\u00f2s.<\/p>\n\n\n\n<p>Instal\u00b7lar 3 v\u00e0lvules reguladores al carrer Cinca amb el carrer Noguera Pallaresa, carrer Segre amb l&#8217;avinguda Can Gordei i al carrer Ter amb el carrer Gai\u00e0, on tamb\u00e9 s&#8217;hi instal\u00b7lar\u00e0 un comptador volum\u00e8tric.<\/p>\n\n\n\n<p>L&#8217;alcaldessa de la Bisbal del Pened\u00e8s, Agn\u00e8s Ferr\u00e9, ha explicat que <em>&#8220;el projecte aprovat inicialment avui \u00e9s fruit del treball de m\u00e9s d&#8217;un any perqu\u00e8, tot i que hi ha tubs sobre la vorera de manera provisional, vol\u00edem una soluci\u00f3 definitiva&#8221;<\/em> i ha afegit que <em>&#8220;amb les obres actuals de millora de la xarxa d&#8217;aigua del Papagai acabarem amb les inversions en la xarxa d&#8217;aigua al Papagai. \u00c9s la urbanitzaci\u00f3 on hi havia m\u00e9s problemes a la xarxa d&#8217;aigua per ser molt antiga i amb zero inversions. L&#8217;any vinent es faran les obres de renovaci\u00f3 de la xarxa d&#8217;aigua del barri de la Riba, del nucli. La xarxa m\u00e9s antiga del municipi, amb molts problemes. I, amb aquest projecte aprovat inicialment avui, millorarem significativament la xarxa d&#8217;aigua del Priorat i Can Gordei. S\u00f3n inversions en dues zones en qu\u00e8, a banda de canviar i soterrar els tubs que ara estan per sobre la vorera, millorarem la xarxa amb noves v\u00e0lvules i acabar finals de xarxes. Amb totes aquestes inversions fem una forta aposta d&#8217;inversi\u00f3 en la millora de la xarxa d&#8217;aigua del municipi amb l&#8217;objectiu de posar fi a moltes de les problem\u00e0tiques que sabem que fa temps que patiu molts ve\u00efns del municipi&#8221;.<\/em><\/p>\n\n\n\n<hr class=\"wp-block-separator has-alpha-channel-opacity\"\/>\n\n\n\n<p><strong>CASTELLANO |<\/strong> La alcaldesa de la Bisbal del Pened\u00e8s, Agn\u00e8s Ferr\u00e9, ha firmado un Decreto de Alcald\u00eda este lunes 20 de junio de 2022 para aprobar inicialmente el proyecto de renovaci\u00f3n parcial de la red de agua del Priorat y Can Gordei, por un importe de 583.823,76\u20ac (IVA incluido). La red de abastecimiento de agua de ambos barrios cuenta con tramos deteriorados por problemas con la cal precipitada y la formaci\u00f3n de tapones dentro de los tubos.<\/p>\n\n\n\n<p>Ahora, el proyecto se expondr\u00e1 30 d\u00edas al p\u00fablico. Pr\u00f3ximamente se aprobar\u00e1 una modificaci\u00f3n de cr\u00e9dito por el importe de esta inversi\u00f3n y, una vez aprobado definitivamente el proyecto y la modificaci\u00f3n de cr\u00e9dito, ya se podr\u00e1 licitar la obra.<\/p>\n\n\n\n<p>Las intervenciones previstas en este proyecto, son las siguientes:<\/p>\n\n\n\n<h2><strong>PRIORAT DE LA BISBAL<\/strong><\/h2>\n\n\n\n<p>Cambiar y soterrar 437 metros de tubos en las calles Zamora, Cuenca, Teruel, C\u00f3rdoba y la Coru\u00f1a.<\/p>\n\n\n\n<p>Cambiar las v\u00e1lvulas reguladoras en la calle Huesca y en la intersecci\u00f3n de la calle Huesca con la avenida del Priorat.<\/p>\n\n\n\n<p>Hacer las uniones en la red de la avenida del Priorat, en los puntos en los que la tuber\u00eda no tiene continuidad (Soria, Guadalajara, Cuenca, Zamora, San Sebasti\u00e1n, Burgos y Badajoz), para evitar puntos ciegos de acumulaci\u00f3n de suciedad y mejorar las presiones en la red.<\/p>\n\n\n\n<h2><strong>CAN GORDEI<\/strong><\/h2>\n\n\n\n<p>Cambiar y soterrar 693 metros de tubo en las calles Llobregat, Ebre, Tordera y Bes\u00f2s.<\/p>\n\n\n\n<p>Instalar 3 v\u00e1lvulas reguladoras en la calle Cinca con la calle Noguera Pallaresa, calle Segre con avenida de Can Gordei y calle del Ter con calle Gai\u00e0, donde tambi\u00e9n se instalar\u00e1 un contador volum\u00e9trico.<\/p>\n\n\n\n<p>La alcaldesa de la Bisbal del Pened\u00e8s, Agn\u00e8s Ferr\u00e9, ha explicado que <em>&#8220;el proyecto aprobado inicialmente hoy es fruto del trabajo de m\u00e1s de un a\u00f1o porque, aunque hay tubos encima de la acera de forma provisional, quer\u00edamos una soluci\u00f3n definitiva&#8221;<\/em> y ha a\u00f1adido que <em>&#8220;con las obras actuales de mejora de la red de agua del Papagai acabaremos con las inversiones en la red de agua del Papagai. Es la urbanizaci\u00f3n en la que hab\u00eda m\u00e1s problemas en la red de agua por ser muy antigua y con cero inversiones. El a\u00f1o que viene se har\u00e1n las obras de renovaci\u00f3n de la red de agua del barrio de la Riba, en el n\u00facleo. La red m\u00e1s antigua del municipio, con muchos problemas. Y, con este proyecto aprobado inicialmente hoy, mejoraremos significativamente la red de agua del Priorat y Can Gordei. Son inversiones en dos zonas en las que, aparte de cambiar y soterrar los tubos que ahora est\u00e1n por encima de la acera, mejoraremos la red con nuevas v\u00e1lvulas y acabar finales de redes. Con todas estas inversiones hacemos una fuerte apuesta de inversi\u00f3n en la mejora de la red de agua del municipio con el objetivo de poner fin a muchas de las problem\u00e1ticas que sabemos que hace tiempo que sufr\u00eds muchos vecinos del municipio&#8221;.<\/em><\/p>\n","protected":false},"excerpt":{"rendered":"<p>L&#8217;alcaldessa de la Bisbal del Pened\u00e8s, Agn\u00e8s Ferr\u00e9, ha signat un Decret d&#8217;Alcaldia aquest dilluns 20 de juny de 2022 per aprovar inicialment el projecte de renovaci\u00f3 parcial de la &hellip; <a href=\"https:\/\/bisbalpenedes.com\/web\/2022\/06\/20\/lajuntament-licitara-les-obres-de-millora-de-la-xarxa-daigua-del-priorat-i-can-gordei-aquest-2022-per-un-import-de-583-82376e-iva-inclos\/\" class=\"more-link\">Read More<\/a><\/p>\n","protected":false},"author":4,"featured_media":22329,"comment_status":"closed","ping_status":"closed","sticky":false,"template":"","format":"standard","meta":[],"categories":[8,3352],"tags":[5350,459,198,3132,318,393,520],"_links":{"self":[{"href":"https:\/\/bisbalpenedes.com\/web\/wp-json\/wp\/v2\/posts\/22325"}],"collection":[{"href":"https:\/\/bisbalpenedes.com\/web\/wp-json\/wp\/v2\/posts"}],"about":[{"href":"https:\/\/bisbalpenedes.com\/web\/wp-json\/wp\/v2\/types\/post"}],"author":[{"embeddable":true,"href":"https:\/\/bisbalpenedes.com\/web\/wp-json\/wp\/v2\/users\/4"}],"replies":[{"embeddable":true,"href":"https:\/\/bisbalpenedes.com\/web\/wp-json\/wp\/v2\/comments?post=22325"}],"version-history":[{"count":2,"href":"https:\/\/bisbalpenedes.com\/web\/wp-json\/wp\/v2\/posts\/22325\/revisions"}],"predecessor-version":[{"id":22328,"href":"https:\/\/bisbalpenedes.com\/web\/wp-json\/wp\/v2\/posts\/22325\/revisions\/22328"}],"wp:featuredmedia":[{"embeddable":true,"href":"https:\/\/bisbalpenedes.com\/web\/wp-json\/wp\/v2\/media\/22329"}],"wp:attachment":[{"href":"https:\/\/bisbalpenedes.com\/web\/wp-json\/wp\/v2\/media?parent=22325"}],"wp:term":[{"taxonomy":"category","embeddable":true,"href":"https:\/\/bisbalpenedes.com\/web\/wp-json\/wp\/v2\/categories?post=22325"},{"taxonomy":"post_tag","embeddable":true,"href":"https:\/\/bisbalpenedes.com\/web\/wp-json\/wp\/v2\/tags?post=22325"}],"curies":[{"name":"wp","href":"https:\/\/api.w.org\/{rel}","templated":true}]}}