{"id":22320,"date":"2022-06-20T13:47:28","date_gmt":"2022-06-20T11:47:28","guid":{"rendered":"https:\/\/bisbalpenedes.com\/web\/?p=22320"},"modified":"2022-06-20T13:47:28","modified_gmt":"2022-06-20T11:47:28","slug":"no-esta-permes-encendre-coets-o-petards-a-menys-de-500m-de-les-zones-boscoses-si-viviu-en-una-urbanitzacio-podeu-celebrar-un-sant-joan-segur-a-laparcament-de-la-llar-dinfants","status":"publish","type":"post","link":"https:\/\/bisbalpenedes.com\/web\/2022\/06\/20\/no-esta-permes-encendre-coets-o-petards-a-menys-de-500m-de-les-zones-boscoses-si-viviu-en-una-urbanitzacio-podeu-celebrar-un-sant-joan-segur-a-laparcament-de-la-llar-dinfants\/","title":{"rendered":"No est\u00e0 perm\u00e8s encendre coets o petards a menys de 500m de les zones boscoses &#8211; Si viviu en una urbanitzaci\u00f3 podeu celebrar un Sant Joan segur a l&#8217;aparcament de la Llar d&#8217;infants"},"content":{"rendered":"\n<p>S&#8217;apropa la celebraci\u00f3 de Sant Joan i us recordem que no est\u00e0 perm\u00e8s encendre coets o petards a menys de 500m de les zones boscoses<\/p>\n\n\n\n<p>Si veieu actituds que puguin posar en risc l&#8217;entorn o les persones, aviseu els Mossos d&#8217;Esquadra: 977 92 41 40.<\/p>\n\n\n\n<p>Si veieu foc, truqueu al 112.<\/p>\n\n\n\n<hr class=\"wp-block-separator has-alpha-channel-opacity\"\/>\n\n\n\n<p>Se acerca la celebraci\u00f3n de San Juan y os recordamos que no est\u00e1 permitido encender cohetes o petardos a menos de 500 de las zonas de bosque.<\/p>\n\n\n\n<p>Si veis actitudes que puedan poner en riesgo al entorno o a las personas, avisad a los Mossos d&#8217;Esquadra: 977 92 41 40.<\/p>\n\n\n\n<p>Si veis fuego, llamad al 112.<\/p>\n\n\n\n<figure class=\"wp-block-image size-large\"><img loading=\"lazy\" width=\"1024\" height=\"1024\" src=\"https:\/\/bisbalpenedes.com\/web\/wp-content\/uploads\/2022\/06\/CARTELL-REVETLLA-BISBAL-AVISO-CAST-1024x1024.png\" alt=\"\" class=\"wp-image-22321\" srcset=\"https:\/\/bisbalpenedes.com\/web\/wp-content\/uploads\/2022\/06\/CARTELL-REVETLLA-BISBAL-AVISO-CAST-1024x1024.png 1024w, https:\/\/bisbalpenedes.com\/web\/wp-content\/uploads\/2022\/06\/CARTELL-REVETLLA-BISBAL-AVISO-CAST-300x300.png 300w, https:\/\/bisbalpenedes.com\/web\/wp-content\/uploads\/2022\/06\/CARTELL-REVETLLA-BISBAL-AVISO-CAST-150x150.png 150w, https:\/\/bisbalpenedes.com\/web\/wp-content\/uploads\/2022\/06\/CARTELL-REVETLLA-BISBAL-AVISO-CAST-768x768.png 768w, https:\/\/bisbalpenedes.com\/web\/wp-content\/uploads\/2022\/06\/CARTELL-REVETLLA-BISBAL-AVISO-CAST-600x600.png 600w, https:\/\/bisbalpenedes.com\/web\/wp-content\/uploads\/2022\/06\/CARTELL-REVETLLA-BISBAL-AVISO-CAST-100x100.png 100w, https:\/\/bisbalpenedes.com\/web\/wp-content\/uploads\/2022\/06\/CARTELL-REVETLLA-BISBAL-AVISO-CAST.png 1080w\" sizes=\"(max-width: 1024px) 100vw, 1024px\" \/><\/figure>\n","protected":false},"excerpt":{"rendered":"<p>S&#8217;apropa la celebraci\u00f3 de Sant Joan i us recordem que no est\u00e0 perm\u00e8s encendre coets o petards a menys de 500m de les zones boscoses Si veieu actituds que puguin &hellip; <a href=\"https:\/\/bisbalpenedes.com\/web\/2022\/06\/20\/no-esta-permes-encendre-coets-o-petards-a-menys-de-500m-de-les-zones-boscoses-si-viviu-en-una-urbanitzacio-podeu-celebrar-un-sant-joan-segur-a-laparcament-de-la-llar-dinfants\/\" class=\"more-link\">Read More<\/a><\/p>\n","protected":false},"author":4,"featured_media":22322,"comment_status":"closed","ping_status":"closed","sticky":false,"template":"","format":"standard","meta":[],"categories":[1628,32,8],"tags":[4613,551,5348,887,5347,555,5346,5349,537],"_links":{"self":[{"href":"https:\/\/bisbalpenedes.com\/web\/wp-json\/wp\/v2\/posts\/22320"}],"collection":[{"href":"https:\/\/bisbalpenedes.com\/web\/wp-json\/wp\/v2\/posts"}],"about":[{"href":"https:\/\/bisbalpenedes.com\/web\/wp-json\/wp\/v2\/types\/post"}],"author":[{"embeddable":true,"href":"https:\/\/bisbalpenedes.com\/web\/wp-json\/wp\/v2\/users\/4"}],"replies":[{"embeddable":true,"href":"https:\/\/bisbalpenedes.com\/web\/wp-json\/wp\/v2\/comments?post=22320"}],"version-history":[{"count":1,"href":"https:\/\/bisbalpenedes.com\/web\/wp-json\/wp\/v2\/posts\/22320\/revisions"}],"predecessor-version":[{"id":22323,"href":"https:\/\/bisbalpenedes.com\/web\/wp-json\/wp\/v2\/posts\/22320\/revisions\/22323"}],"wp:featuredmedia":[{"embeddable":true,"href":"https:\/\/bisbalpenedes.com\/web\/wp-json\/wp\/v2\/media\/22322"}],"wp:attachment":[{"href":"https:\/\/bisbalpenedes.com\/web\/wp-json\/wp\/v2\/media?parent=22320"}],"wp:term":[{"taxonomy":"category","embeddable":true,"href":"https:\/\/bisbalpenedes.com\/web\/wp-json\/wp\/v2\/categories?post=22320"},{"taxonomy":"post_tag","embeddable":true,"href":"https:\/\/bisbalpenedes.com\/web\/wp-json\/wp\/v2\/tags?post=22320"}],"curies":[{"name":"wp","href":"https:\/\/api.w.org\/{rel}","templated":true}]}}