{"id":22308,"date":"2022-06-18T03:57:15","date_gmt":"2022-06-18T01:57:15","guid":{"rendered":"https:\/\/bisbalpenedes.com\/web\/?p=22308"},"modified":"2022-06-18T03:58:08","modified_gmt":"2022-06-18T01:58:08","slug":"sha-convocat-una-junta-de-govern-local-per-al-dimarts-21-de-juny-amb-una-proposta-amb-competencia-del-ple-delegada-a-la-junta-de-govern","status":"publish","type":"post","link":"https:\/\/bisbalpenedes.com\/web\/2022\/06\/18\/sha-convocat-una-junta-de-govern-local-per-al-dimarts-21-de-juny-amb-una-proposta-amb-competencia-del-ple-delegada-a-la-junta-de-govern\/","title":{"rendered":"S\u2019ha convocat una Junta de Govern Local per al dimarts 21 de juny amb una proposta amb compet\u00e8ncia del Ple delegada a la Junta de Govern"},"content":{"rendered":"\n<p>S&#8217;ha convocat una Junta de govern local extraordin\u00e0ria per al&nbsp;&nbsp;dimarts 21 de juny. Una de les propostes de la Junta \u00e9s amb compet\u00e8ncia del Ple delegada a la Junta de Govern mitjan\u00e7ant acord plenari del 4 de juliol de 2019. \u00c9s la seg\u00fcent:<\/p>\n\n\n\n<ul><li>Expedient 1193\/2022 Aprovar els plecs de cl\u00e0usules per licitar el projecte de remodelaci\u00f3 i ampliaci\u00f3 del poliesportiu municipal (fases 1.1 i 1.2), i la seva publicaci\u00f3 al perfil del contractant.<\/li><\/ul>\n\n\n\n<p>Les sessions de la Junta de Govern Local no s\u00f3n p\u00fabliques, per\u00f2 quan actua en compet\u00e8ncies delegades del Ple, la Sessi\u00f3 se sotmet als mateixos requisits de publicitat que les Sessions del Ple, que s\u00f3n p\u00fabliques. Aix\u00ed ho va declarar la STS 161\/2013, de&nbsp;26 de setembre. Per aquest motiu s&#8217;obriran les portes de la sala de plens&nbsp;a les 08:20h, per tal que pugui assistir-hi p\u00fablic. Tamb\u00e9 es gravar\u00e0 aquest punt de l&#8217;ordre del dia i posteriorment es publicar\u00e0 el v\u00eddeo per garantir la seva publicitat.<\/p>\n\n\n\n<hr class=\"wp-block-separator has-alpha-channel-opacity\"\/>\n\n\n\n<p><strong>CASTELLANO<\/strong> | Se ha convocado una Junta de gobierno local para el martes 21 de junio. Una de las propuestas de la Junta es con competencia del pleno delegada de la junta de gobierno mediante acuerdo plenario del 4 de julio de 2019. Es la siguiente:<\/p>\n\n\n\n<ul><li>Expediente 1193\/2022 Aprobar los pliegos de cl\u00e1usulas para licitar el proyecto de remodelaci\u00f3n y ampliaci\u00f3n del polideportivo municipal (fases 1.1 y 1.2), y su publicaci\u00f3n en el perfil del contratante.<\/li><\/ul>\n\n\n\n<p>Las sesiones de la Junta de Gobierno Local no son p\u00fablicas, pero cuando act\u00faa con competencias delegadas del Pleno, la sesi\u00f3n se somete a los mismos requisitos de publicidad que las Sesiones de Pleno, que son p\u00fablicas. As\u00ed lo declar\u00f3 la STS 161\/2013, de 26 de septiembre. Por este motivo se abrir\u00e1n las puertas de la sala de plenos a las 8:20h, con tal que pueda asistir p\u00fablico. Tambi\u00e9n se grabar\u00e1 este punto del orden del d\u00eda y posteriormente se publicar\u00e1 el v\u00eddeo para garantizar su publicidad.<\/p>\n","protected":false},"excerpt":{"rendered":"<p>S&#8217;ha convocat una Junta de govern local extraordin\u00e0ria per al&nbsp;&nbsp;dimarts 21 de juny. Una de les propostes de la Junta \u00e9s amb compet\u00e8ncia del Ple delegada a la Junta de &hellip; <a href=\"https:\/\/bisbalpenedes.com\/web\/2022\/06\/18\/sha-convocat-una-junta-de-govern-local-per-al-dimarts-21-de-juny-amb-una-proposta-amb-competencia-del-ple-delegada-a-la-junta-de-govern\/\" class=\"more-link\">Read More<\/a><\/p>\n","protected":false},"author":4,"featured_media":22050,"comment_status":"closed","ping_status":"closed","sticky":false,"template":"","format":"standard","meta":[],"categories":[3085,8,2250],"tags":[4964,686,393,483],"_links":{"self":[{"href":"https:\/\/bisbalpenedes.com\/web\/wp-json\/wp\/v2\/posts\/22308"}],"collection":[{"href":"https:\/\/bisbalpenedes.com\/web\/wp-json\/wp\/v2\/posts"}],"about":[{"href":"https:\/\/bisbalpenedes.com\/web\/wp-json\/wp\/v2\/types\/post"}],"author":[{"embeddable":true,"href":"https:\/\/bisbalpenedes.com\/web\/wp-json\/wp\/v2\/users\/4"}],"replies":[{"embeddable":true,"href":"https:\/\/bisbalpenedes.com\/web\/wp-json\/wp\/v2\/comments?post=22308"}],"version-history":[{"count":2,"href":"https:\/\/bisbalpenedes.com\/web\/wp-json\/wp\/v2\/posts\/22308\/revisions"}],"predecessor-version":[{"id":22310,"href":"https:\/\/bisbalpenedes.com\/web\/wp-json\/wp\/v2\/posts\/22308\/revisions\/22310"}],"wp:featuredmedia":[{"embeddable":true,"href":"https:\/\/bisbalpenedes.com\/web\/wp-json\/wp\/v2\/media\/22050"}],"wp:attachment":[{"href":"https:\/\/bisbalpenedes.com\/web\/wp-json\/wp\/v2\/media?parent=22308"}],"wp:term":[{"taxonomy":"category","embeddable":true,"href":"https:\/\/bisbalpenedes.com\/web\/wp-json\/wp\/v2\/categories?post=22308"},{"taxonomy":"post_tag","embeddable":true,"href":"https:\/\/bisbalpenedes.com\/web\/wp-json\/wp\/v2\/tags?post=22308"}],"curies":[{"name":"wp","href":"https:\/\/api.w.org\/{rel}","templated":true}]}}