{"id":22305,"date":"2022-06-17T18:31:47","date_gmt":"2022-06-17T16:31:47","guid":{"rendered":"https:\/\/bisbalpenedes.com\/web\/?p=22305"},"modified":"2022-06-17T18:31:47","modified_gmt":"2022-06-17T16:31:47","slug":"el-dilluns-20-de-juny-a-les-12h-sobriran-els-sobres-unics-de-les-propostes-presentades-per-al-servei-de-lloguer-de-cabines-sanitaries-per-als-actes-culturals-i-festius-de-la-bisbal-del-penede","status":"publish","type":"post","link":"https:\/\/bisbalpenedes.com\/web\/2022\/06\/17\/el-dilluns-20-de-juny-a-les-12h-sobriran-els-sobres-unics-de-les-propostes-presentades-per-al-servei-de-lloguer-de-cabines-sanitaries-per-als-actes-culturals-i-festius-de-la-bisbal-del-penede\/","title":{"rendered":"El dilluns 20 de juny a les 12h s\u2019obriran els sobres \u00fanics de les propostes presentades per al servei de lloguer de cabines sanit\u00e0ries per als actes culturals i festius de La Bisbal del Pened\u00e8s\ufffc"},"content":{"rendered":"\n<p>El proper dilluns 20 de juny a les 12h s\u2019obriran els sobres \u00fanics de la licitaci\u00f3 del lloguer de cabines sanit\u00e0ries amb el transport, instal\u00b7laci\u00f3, manteniment i buidatge d\u2019aquestes per a les festes d\u2019estiu del municipi. L\u2019acte d\u2019obertura \u00e9s obert al p\u00fablic. S\u2019han presentat tres empreses dins del termini establert.<\/p>\n\n\n\n<hr class=\"wp-block-separator has-alpha-channel-opacity\"\/>\n\n\n\n<p>El pr\u00f3ximo lunes 20 de junio a las 12h se abrir\u00e1n los sobres \u00fanicos de la licitaci\u00f3n del alquiler de cabinas sanitarias con el transporte, instalaci\u00f3n, mantenimiento y vaciado de estas para las fiestas de verano del municipio. El acto de apertura es abierto al p\u00fablico. Se han presentado tres empresas dentro del&nbsp;plazo establecido.<\/p>\n","protected":false},"excerpt":{"rendered":"<p>El proper dilluns 20 de juny a les 12h s\u2019obriran els sobres \u00fanics de la licitaci\u00f3 del lloguer de cabines sanit\u00e0ries amb el transport, instal\u00b7laci\u00f3, manteniment i buidatge d\u2019aquestes per &hellip; <a href=\"https:\/\/bisbalpenedes.com\/web\/2022\/06\/17\/el-dilluns-20-de-juny-a-les-12h-sobriran-els-sobres-unics-de-les-propostes-presentades-per-al-servei-de-lloguer-de-cabines-sanitaries-per-als-actes-culturals-i-festius-de-la-bisbal-del-penede\/\" class=\"more-link\">Read More<\/a><\/p>\n","protected":false},"author":4,"featured_media":22306,"comment_status":"closed","ping_status":"closed","sticky":false,"template":"","format":"standard","meta":[],"categories":[13,4668,3278,8],"tags":[],"_links":{"self":[{"href":"https:\/\/bisbalpenedes.com\/web\/wp-json\/wp\/v2\/posts\/22305"}],"collection":[{"href":"https:\/\/bisbalpenedes.com\/web\/wp-json\/wp\/v2\/posts"}],"about":[{"href":"https:\/\/bisbalpenedes.com\/web\/wp-json\/wp\/v2\/types\/post"}],"author":[{"embeddable":true,"href":"https:\/\/bisbalpenedes.com\/web\/wp-json\/wp\/v2\/users\/4"}],"replies":[{"embeddable":true,"href":"https:\/\/bisbalpenedes.com\/web\/wp-json\/wp\/v2\/comments?post=22305"}],"version-history":[{"count":1,"href":"https:\/\/bisbalpenedes.com\/web\/wp-json\/wp\/v2\/posts\/22305\/revisions"}],"predecessor-version":[{"id":22307,"href":"https:\/\/bisbalpenedes.com\/web\/wp-json\/wp\/v2\/posts\/22305\/revisions\/22307"}],"wp:featuredmedia":[{"embeddable":true,"href":"https:\/\/bisbalpenedes.com\/web\/wp-json\/wp\/v2\/media\/22306"}],"wp:attachment":[{"href":"https:\/\/bisbalpenedes.com\/web\/wp-json\/wp\/v2\/media?parent=22305"}],"wp:term":[{"taxonomy":"category","embeddable":true,"href":"https:\/\/bisbalpenedes.com\/web\/wp-json\/wp\/v2\/categories?post=22305"},{"taxonomy":"post_tag","embeddable":true,"href":"https:\/\/bisbalpenedes.com\/web\/wp-json\/wp\/v2\/tags?post=22305"}],"curies":[{"name":"wp","href":"https:\/\/api.w.org\/{rel}","templated":true}]}}