{"id":22293,"date":"2022-06-17T12:55:57","date_gmt":"2022-06-17T10:55:57","guid":{"rendered":"https:\/\/bisbalpenedes.com\/web\/?p=22293"},"modified":"2022-06-17T12:55:57","modified_gmt":"2022-06-17T10:55:57","slug":"saproven-inicialment-les-bases-per-a-la-concessio-del-bar-de-la-festa-major","status":"publish","type":"post","link":"https:\/\/bisbalpenedes.com\/web\/2022\/06\/17\/saproven-inicialment-les-bases-per-a-la-concessio-del-bar-de-la-festa-major\/","title":{"rendered":"S\u2019aproven inicialment les bases per a la concessi\u00f3 del bar de la Festa Major"},"content":{"rendered":"\n<p>L\u2019alcaldessa de la Bisbal del Pened\u00e8s, Agn\u00e8s Ferr\u00e9, va signar un Decret d\u2019alcaldia el passat 15 de juny de 2022 per aprovar les bases que regiran la licitaci\u00f3 del bar de la Festa Major del nucli 2022.<\/p>\n\n\n\n<p>Aquestes bases estaran en exposici\u00f3 p\u00fablica del dilluns 20 de juny al dilluns 4 de juliol de 2022, ambd\u00f3s inclosos. En cas que no hi hagi al\u00b7legacions, s\u2019aprovaran definitivament i s\u2019aprovar\u00e0 la licitaci\u00f3 perqu\u00e8 comenci el termini per presentar propostes per portar el bar de la Festa Major 2022.<\/p>\n\n\n\n<p>El bar de la Festa Major estar\u00e0 ubicat al pati de l\u2019Escola Ull de Vent els dies de Festa Major: de l\u201911 al 17 d\u2019agost, ambd\u00f3s inclosos. El servei es licitar\u00e0 per 2 anys m\u00e9s 1 de pr\u00f2rroga.  Quan s\u2019aprovi la convocat\u00f2ria, es posaran a disposici\u00f3 de les persones interessades els models a presentar.<\/p>\n\n\n\n<p>Enlla\u00e7 a la publicaci\u00f3 al BOPT: <a href=\"https:\/\/www.diputaciodetarragona.cat\/ebop\/index.php?op=anunci&amp;id=5565&amp;ebop_any=2022\">https:\/\/www.diputaciodetarragona.cat\/ebop\/index.php?op=anunci&amp;id=5565&amp;ebop_any=2022<\/a><\/p>\n\n\n\n<hr class=\"wp-block-separator has-alpha-channel-opacity\"\/>\n\n\n\n<p><strong>CASTELLANO |<\/strong> La alcaldesa de la Bisbal del Pened\u00e8s, Agn\u00e8s Ferr\u00e9, firm\u00f3 un Decreto de alcald\u00eda el pasado 15 de junio de 2022 para aprobar las bases que regir\u00e1n la licitaci\u00f3n del bar de la Fiesta Mayor del n\u00facleo 2022.<\/p>\n\n\n\n<p>Estas bases estar\u00e1n en exposici\u00f3n p\u00fablica del lunes 20 de junio al lunes 4 de julio de 2022, ambos incluidos. En el caso de que no haya alegaciones, se aprobar\u00e1n definitivamente y se aprobar\u00e1 la licitaci\u00f3n para que empiece el plazo para presentar propuestas para llevar el bar de la Fiesta Mayor 2022.<\/p>\n\n\n\n<p>El bar de la Fiesta Mayor estar\u00e1 ubicado en el patio de la Escola Ull de Vent los d\u00edas de Fiesta Mayor: del 11 al 17 de agosto, ambos incluidos. El servicio se licitar\u00e1 por 2 a\u00f1os m\u00e1s 1 de pr\u00f3rroga. Cuando se apruebe la convocatoria, se pondr\u00e1n a disposici\u00f3n de las personas interesadas los modelos a presentar.<\/p>\n\n\n\n<p>Enlace a la publicaci\u00f3n en el BOPT: <a href=\"https:\/\/www.diputaciodetarragona.cat\/ebop\/index.php?op=anunci&amp;id=5565&amp;ebop_any=2022\">https:\/\/www.diputaciodetarragona.cat\/ebop\/index.php?op=anunci&amp;id=5565&amp;ebop_any=2022<\/a><\/p>\n","protected":false},"excerpt":{"rendered":"<p>L\u2019alcaldessa de la Bisbal del Pened\u00e8s, Agn\u00e8s Ferr\u00e9, va signar un Decret d\u2019alcaldia el passat 15 de juny de 2022 per aprovar les bases que regiran la licitaci\u00f3 del bar &hellip; <a href=\"https:\/\/bisbalpenedes.com\/web\/2022\/06\/17\/saproven-inicialment-les-bases-per-a-la-concessio-del-bar-de-la-festa-major\/\" class=\"more-link\">Read More<\/a><\/p>\n","protected":false},"author":4,"featured_media":22294,"comment_status":"closed","ping_status":"closed","sticky":false,"template":"","format":"standard","meta":[],"categories":[2057,4668,3278,8],"tags":[2957,176,280,4694,393,267],"_links":{"self":[{"href":"https:\/\/bisbalpenedes.com\/web\/wp-json\/wp\/v2\/posts\/22293"}],"collection":[{"href":"https:\/\/bisbalpenedes.com\/web\/wp-json\/wp\/v2\/posts"}],"about":[{"href":"https:\/\/bisbalpenedes.com\/web\/wp-json\/wp\/v2\/types\/post"}],"author":[{"embeddable":true,"href":"https:\/\/bisbalpenedes.com\/web\/wp-json\/wp\/v2\/users\/4"}],"replies":[{"embeddable":true,"href":"https:\/\/bisbalpenedes.com\/web\/wp-json\/wp\/v2\/comments?post=22293"}],"version-history":[{"count":1,"href":"https:\/\/bisbalpenedes.com\/web\/wp-json\/wp\/v2\/posts\/22293\/revisions"}],"predecessor-version":[{"id":22295,"href":"https:\/\/bisbalpenedes.com\/web\/wp-json\/wp\/v2\/posts\/22293\/revisions\/22295"}],"wp:featuredmedia":[{"embeddable":true,"href":"https:\/\/bisbalpenedes.com\/web\/wp-json\/wp\/v2\/media\/22294"}],"wp:attachment":[{"href":"https:\/\/bisbalpenedes.com\/web\/wp-json\/wp\/v2\/media?parent=22293"}],"wp:term":[{"taxonomy":"category","embeddable":true,"href":"https:\/\/bisbalpenedes.com\/web\/wp-json\/wp\/v2\/categories?post=22293"},{"taxonomy":"post_tag","embeddable":true,"href":"https:\/\/bisbalpenedes.com\/web\/wp-json\/wp\/v2\/tags?post=22293"}],"curies":[{"name":"wp","href":"https:\/\/api.w.org\/{rel}","templated":true}]}}