{"id":22269,"date":"2022-06-16T13:33:17","date_gmt":"2022-06-16T11:33:17","guid":{"rendered":"https:\/\/bisbalpenedes.com\/web\/?p=22269"},"modified":"2022-06-16T13:33:17","modified_gmt":"2022-06-16T11:33:17","slug":"revetlla-de-sant-joan-2022-activitats-i-recomanacions-per-a-tenir-una-revetlla-segura","status":"publish","type":"post","link":"https:\/\/bisbalpenedes.com\/web\/2022\/06\/16\/revetlla-de-sant-joan-2022-activitats-i-recomanacions-per-a-tenir-una-revetlla-segura\/","title":{"rendered":"Revetlla de Sant Joan 2022: activitats i recomanacions per a tenir una revetlla segura"},"content":{"rendered":"\n<p>Un any m\u00e9s, el 23 de juny arribar\u00e0 la Flama del Canig\u00f3 a la Bisbal del Pened\u00e8s. Aqu\u00ed teniu el programa d&#8217;actes i tamb\u00e9 us deixem les recomanacions de Protecci\u00f3 Civil per a una revetlla segura.<\/p>\n\n\n\n<hr class=\"wp-block-separator has-alpha-channel-opacity\"\/>\n\n\n\n<p>Un a\u00f1o m\u00e1s, el 23 de junio llegar\u00e1 la Flama del Canig\u00f3 a la Bisbal del Pened\u00e8s. Aqu\u00ed ten\u00e9is el programa de actos y tambi\u00e9n os dejamos las recomendaciones de Protecci\u00f3n Civil para una verbena segura.<\/p>\n\n\n\n<figure class=\"wp-block-image size-large\"><img loading=\"lazy\" width=\"724\" height=\"1024\" src=\"https:\/\/bisbalpenedes.com\/web\/wp-content\/uploads\/2022\/06\/FLAMA-OPT-724x1024.jpeg\" alt=\"\" class=\"wp-image-22270\" srcset=\"https:\/\/bisbalpenedes.com\/web\/wp-content\/uploads\/2022\/06\/FLAMA-OPT-724x1024.jpeg 724w, https:\/\/bisbalpenedes.com\/web\/wp-content\/uploads\/2022\/06\/FLAMA-OPT-212x300.jpeg 212w, https:\/\/bisbalpenedes.com\/web\/wp-content\/uploads\/2022\/06\/FLAMA-OPT-768x1086.jpeg 768w, https:\/\/bisbalpenedes.com\/web\/wp-content\/uploads\/2022\/06\/FLAMA-OPT-1086x1536.jpeg 1086w, https:\/\/bisbalpenedes.com\/web\/wp-content\/uploads\/2022\/06\/FLAMA-OPT-1448x2048.jpeg 1448w, https:\/\/bisbalpenedes.com\/web\/wp-content\/uploads\/2022\/06\/FLAMA-OPT-600x849.jpeg 600w, https:\/\/bisbalpenedes.com\/web\/wp-content\/uploads\/2022\/06\/FLAMA-OPT.jpeg 1587w\" sizes=\"(max-width: 724px) 100vw, 724px\" \/><\/figure>\n\n\n\n<figure class=\"wp-block-image size-full\"><img loading=\"lazy\" width=\"739\" height=\"1024\" src=\"https:\/\/bisbalpenedes.com\/web\/wp-content\/uploads\/2022\/06\/REVETLLESSEGURES-OPT.jpeg\" alt=\"\" class=\"wp-image-22271\" srcset=\"https:\/\/bisbalpenedes.com\/web\/wp-content\/uploads\/2022\/06\/REVETLLESSEGURES-OPT.jpeg 739w, https:\/\/bisbalpenedes.com\/web\/wp-content\/uploads\/2022\/06\/REVETLLESSEGURES-OPT-217x300.jpeg 217w, https:\/\/bisbalpenedes.com\/web\/wp-content\/uploads\/2022\/06\/REVETLLESSEGURES-OPT-600x831.jpeg 600w\" sizes=\"(max-width: 739px) 100vw, 739px\" \/><\/figure>\n","protected":false},"excerpt":{"rendered":"<p>Un any m\u00e9s, el 23 de juny arribar\u00e0 la Flama del Canig\u00f3 a la Bisbal del Pened\u00e8s. Aqu\u00ed teniu el programa d&#8217;actes i tamb\u00e9 us deixem les recomanacions de Protecci\u00f3 &hellip; <a href=\"https:\/\/bisbalpenedes.com\/web\/2022\/06\/16\/revetlla-de-sant-joan-2022-activitats-i-recomanacions-per-a-tenir-una-revetlla-segura\/\" class=\"more-link\">Read More<\/a><\/p>\n","protected":false},"author":4,"featured_media":22270,"comment_status":"closed","ping_status":"closed","sticky":false,"template":"","format":"standard","meta":[],"categories":[2942,13,4668,8],"tags":[459,553,393,1376,1374,5337,537,85],"_links":{"self":[{"href":"https:\/\/bisbalpenedes.com\/web\/wp-json\/wp\/v2\/posts\/22269"}],"collection":[{"href":"https:\/\/bisbalpenedes.com\/web\/wp-json\/wp\/v2\/posts"}],"about":[{"href":"https:\/\/bisbalpenedes.com\/web\/wp-json\/wp\/v2\/types\/post"}],"author":[{"embeddable":true,"href":"https:\/\/bisbalpenedes.com\/web\/wp-json\/wp\/v2\/users\/4"}],"replies":[{"embeddable":true,"href":"https:\/\/bisbalpenedes.com\/web\/wp-json\/wp\/v2\/comments?post=22269"}],"version-history":[{"count":1,"href":"https:\/\/bisbalpenedes.com\/web\/wp-json\/wp\/v2\/posts\/22269\/revisions"}],"predecessor-version":[{"id":22272,"href":"https:\/\/bisbalpenedes.com\/web\/wp-json\/wp\/v2\/posts\/22269\/revisions\/22272"}],"wp:featuredmedia":[{"embeddable":true,"href":"https:\/\/bisbalpenedes.com\/web\/wp-json\/wp\/v2\/media\/22270"}],"wp:attachment":[{"href":"https:\/\/bisbalpenedes.com\/web\/wp-json\/wp\/v2\/media?parent=22269"}],"wp:term":[{"taxonomy":"category","embeddable":true,"href":"https:\/\/bisbalpenedes.com\/web\/wp-json\/wp\/v2\/categories?post=22269"},{"taxonomy":"post_tag","embeddable":true,"href":"https:\/\/bisbalpenedes.com\/web\/wp-json\/wp\/v2\/tags?post=22269"}],"curies":[{"name":"wp","href":"https:\/\/api.w.org\/{rel}","templated":true}]}}