{"id":22223,"date":"2022-06-15T13:20:26","date_gmt":"2022-06-15T11:20:26","guid":{"rendered":"https:\/\/bisbalpenedes.com\/web\/?p=22223"},"modified":"2022-06-15T13:20:26","modified_gmt":"2022-06-15T11:20:26","slug":"el-dilluns-20-de-juny-comencaran-els-treballs-dobertura-de-la-franja-perimetral-de-can-gordei-i-lesplai","status":"publish","type":"post","link":"https:\/\/bisbalpenedes.com\/web\/2022\/06\/15\/el-dilluns-20-de-juny-comencaran-els-treballs-dobertura-de-la-franja-perimetral-de-can-gordei-i-lesplai\/","title":{"rendered":"El dilluns 20 de juny comen\u00e7aran els treballs d&#8217;obertura de la franja perimetral de Can Gordei i l&#8217;Esplai"},"content":{"rendered":"\n<p>El dilluns 20 de juny comen\u00e7aran els treballs d&#8217;obertura de la franja perimetral de les urbanitzacions de Can Gordei i l&#8217;Esplai.<br>Els treballs comen\u00e7aran abans de les 7 del mat\u00ed. Gr\u00e0cies per la vostra comprensi\u00f3.<\/p>\n\n\n\n<hr class=\"wp-block-separator has-alpha-channel-opacity\"\/>\n\n\n\n<p>El lunes 20 de junio empezar\u00e1n los trabajos de apertura de la franja perimetral de las urbanizaciones de Can Gordei y l&#8217;Esplai.<br>Los trabajos empezar\u00e1n antes de las 7 de la ma\u00f1ana. Gracias por vuestra comprensi\u00f3n.<\/p>\n\n\n\n<p><\/p>\n","protected":false},"excerpt":{"rendered":"<p>El dilluns 20 de juny comen\u00e7aran els treballs d&#8217;obertura de la franja perimetral de les urbanitzacions de Can Gordei i l&#8217;Esplai.Els treballs comen\u00e7aran abans de les 7 del mat\u00ed. Gr\u00e0cies &hellip; <a href=\"https:\/\/bisbalpenedes.com\/web\/2022\/06\/15\/el-dilluns-20-de-juny-comencaran-els-treballs-dobertura-de-la-franja-perimetral-de-can-gordei-i-lesplai\/\" class=\"more-link\">Read More<\/a><\/p>\n","protected":false},"author":4,"featured_media":22224,"comment_status":"closed","ping_status":"closed","sticky":false,"template":"","format":"standard","meta":[],"categories":[32,8],"tags":[198,5325],"_links":{"self":[{"href":"https:\/\/bisbalpenedes.com\/web\/wp-json\/wp\/v2\/posts\/22223"}],"collection":[{"href":"https:\/\/bisbalpenedes.com\/web\/wp-json\/wp\/v2\/posts"}],"about":[{"href":"https:\/\/bisbalpenedes.com\/web\/wp-json\/wp\/v2\/types\/post"}],"author":[{"embeddable":true,"href":"https:\/\/bisbalpenedes.com\/web\/wp-json\/wp\/v2\/users\/4"}],"replies":[{"embeddable":true,"href":"https:\/\/bisbalpenedes.com\/web\/wp-json\/wp\/v2\/comments?post=22223"}],"version-history":[{"count":1,"href":"https:\/\/bisbalpenedes.com\/web\/wp-json\/wp\/v2\/posts\/22223\/revisions"}],"predecessor-version":[{"id":22225,"href":"https:\/\/bisbalpenedes.com\/web\/wp-json\/wp\/v2\/posts\/22223\/revisions\/22225"}],"wp:featuredmedia":[{"embeddable":true,"href":"https:\/\/bisbalpenedes.com\/web\/wp-json\/wp\/v2\/media\/22224"}],"wp:attachment":[{"href":"https:\/\/bisbalpenedes.com\/web\/wp-json\/wp\/v2\/media?parent=22223"}],"wp:term":[{"taxonomy":"category","embeddable":true,"href":"https:\/\/bisbalpenedes.com\/web\/wp-json\/wp\/v2\/categories?post=22223"},{"taxonomy":"post_tag","embeddable":true,"href":"https:\/\/bisbalpenedes.com\/web\/wp-json\/wp\/v2\/tags?post=22223"}],"curies":[{"name":"wp","href":"https:\/\/api.w.org\/{rel}","templated":true}]}}