{"id":22219,"date":"2022-06-15T12:58:32","date_gmt":"2022-06-15T10:58:32","guid":{"rendered":"https:\/\/bisbalpenedes.com\/web\/?p=22219"},"modified":"2022-06-15T12:58:32","modified_gmt":"2022-06-15T10:58:32","slug":"el-passat-dilluns-13-de-juny-va-tenir-lloc-una-junta-de-govern-local-amb-una-proposta-amb-competencia-del-ple-delegada-a-la-junta","status":"publish","type":"post","link":"https:\/\/bisbalpenedes.com\/web\/2022\/06\/15\/el-passat-dilluns-13-de-juny-va-tenir-lloc-una-junta-de-govern-local-amb-una-proposta-amb-competencia-del-ple-delegada-a-la-junta\/","title":{"rendered":"El passat dilluns 13 de juny va tenir lloc una Junta de Govern local amb una proposta amb compet\u00e8ncia del Ple delegada a la Junta"},"content":{"rendered":"\n<figure class=\"wp-block-embed is-type-video is-provider-youtube wp-block-embed-youtube wp-embed-aspect-16-9 wp-has-aspect-ratio\"><div class=\"wp-block-embed__wrapper\">\n<iframe loading=\"lazy\" title=\"Proposta de l&#039;Ordre del dia de la Junta de Govern local 13\/06\/22 amb compet\u00e8ncies delegades del Ple.\" width=\"1170\" height=\"658\" src=\"https:\/\/www.youtube.com\/embed\/Hg7oN1ny0q8?feature=oembed\" frameborder=\"0\" allow=\"accelerometer; autoplay; clipboard-write; encrypted-media; gyroscope; picture-in-picture\" allowfullscreen><\/iframe>\n<\/div><\/figure>\n\n\n\n<p>El passat dilluns 13 de juny va tenir lloc una Junta de Govern Local i, entre les propostes que s&#8217;elevaven a la Junta n&#8217;hi havia una amb compet\u00e8ncia del Ple delegada a la Junta de Govern mitjan\u00e7ant acord plenari del 4 de juliol de 2019:<\/p>\n\n\n\n<ul><li>Expedient 1193\/2022: Inici de l&#8217;expedient de redacci\u00f3 dels plecs de cl\u00e0usules per licitar el projecte de remodelaci\u00f3 i ampliaci\u00f3 del poliesportiu municipal (fases 1.1 i 1.2)<\/li><\/ul>\n\n\n\n<p>Les sessions de la Junta de Govern Local no s\u00f3n p\u00fabliques, per\u00f2 quan actua en compet\u00e8ncies delegades del Ple, la Sessi\u00f3 se sotmet als mateixos requisits de publicitat de les Sessions del Ple, que s\u00f3n p\u00fabliques. Aix\u00ed ho va declarar la STS 161\/2013, de 26 de setembre. Per aquest motiu, el dilluns 13 de juny, a les 19:30h, es van obrir les portes de la sala de Plens perqu\u00e8, qui ho desitg\u00e9s, pogu\u00e9s assistir com a p\u00fablic a l&#8217;explicaci\u00f3 i votaci\u00f3 d&#8217;aquests punts a la Junta de Govern.&nbsp;<\/p>\n\n\n\n<hr class=\"wp-block-separator has-alpha-channel-opacity\"\/>\n\n\n\n<p>El pasado lunes 13 de junio tuvo lugar una Junta de Gobierno Local y, entre las propuestas que se elevaban a la Junta, hab\u00eda una competencia del Pleno delegada a la Junta de Gobierno mediante acuerdo plenario del 4 de julio de 2019:<\/p>\n\n\n\n<ul><li>Expediente 1193\/2022: Inicio del expediente de redacci\u00f3n de los pliegos de cl\u00e1usulas para licitar el proyecto de remodelaci\u00f3n y ampliaci\u00f3n del polideportivo municipal (fases 1.1. Y 1.2.)<\/li><\/ul>\n\n\n\n<p>Las sesiones de la Junta de Gobierno Local no son p\u00fablicas, pero cuando act\u00faa en competencias delegadas del Pleno, la Sesi\u00f3n se somete a los mismos requisitos de publicidad de las Sesiones del Pleno, que son p\u00fablicas. As\u00ed lo declar\u00f3 la STS 161\/2013, de 26 de septiembre. Por este motivo, el lunes 13 de junio, a las 19:30h, se abrieron las puertas de la sala de Plenos para quien lo desease, pudiese asistir como p\u00fablico a la explicaci\u00f3n y votaci\u00f3n de estos puntos a la Junta de Gobierno.&nbsp;<\/p>\n","protected":false},"excerpt":{"rendered":"<p>El passat dilluns 13 de juny va tenir lloc una Junta de Govern Local i, entre les propostes que s&#8217;elevaven a la Junta n&#8217;hi havia una amb compet\u00e8ncia del Ple &hellip; <a href=\"https:\/\/bisbalpenedes.com\/web\/2022\/06\/15\/el-passat-dilluns-13-de-juny-va-tenir-lloc-una-junta-de-govern-local-amb-una-proposta-amb-competencia-del-ple-delegada-a-la-junta\/\" class=\"more-link\">Read More<\/a><\/p>\n","protected":false},"author":4,"featured_media":22220,"comment_status":"closed","ping_status":"closed","sticky":false,"template":"","format":"standard","meta":[],"categories":[3085,8,2250],"tags":[3985,686,393],"_links":{"self":[{"href":"https:\/\/bisbalpenedes.com\/web\/wp-json\/wp\/v2\/posts\/22219"}],"collection":[{"href":"https:\/\/bisbalpenedes.com\/web\/wp-json\/wp\/v2\/posts"}],"about":[{"href":"https:\/\/bisbalpenedes.com\/web\/wp-json\/wp\/v2\/types\/post"}],"author":[{"embeddable":true,"href":"https:\/\/bisbalpenedes.com\/web\/wp-json\/wp\/v2\/users\/4"}],"replies":[{"embeddable":true,"href":"https:\/\/bisbalpenedes.com\/web\/wp-json\/wp\/v2\/comments?post=22219"}],"version-history":[{"count":1,"href":"https:\/\/bisbalpenedes.com\/web\/wp-json\/wp\/v2\/posts\/22219\/revisions"}],"predecessor-version":[{"id":22221,"href":"https:\/\/bisbalpenedes.com\/web\/wp-json\/wp\/v2\/posts\/22219\/revisions\/22221"}],"wp:featuredmedia":[{"embeddable":true,"href":"https:\/\/bisbalpenedes.com\/web\/wp-json\/wp\/v2\/media\/22220"}],"wp:attachment":[{"href":"https:\/\/bisbalpenedes.com\/web\/wp-json\/wp\/v2\/media?parent=22219"}],"wp:term":[{"taxonomy":"category","embeddable":true,"href":"https:\/\/bisbalpenedes.com\/web\/wp-json\/wp\/v2\/categories?post=22219"},{"taxonomy":"post_tag","embeddable":true,"href":"https:\/\/bisbalpenedes.com\/web\/wp-json\/wp\/v2\/tags?post=22219"}],"curies":[{"name":"wp","href":"https:\/\/api.w.org\/{rel}","templated":true}]}}