{"id":22208,"date":"2022-06-14T18:00:00","date_gmt":"2022-06-14T16:00:00","guid":{"rendered":"https:\/\/bisbalpenedes.com\/web\/?p=22208"},"modified":"2022-06-14T14:16:20","modified_gmt":"2022-06-14T12:16:20","slug":"el-passat-diumenge-va-tenir-lloc-el-torneig-de-la-joventut-bisbalenca","status":"publish","type":"post","link":"https:\/\/bisbalpenedes.com\/web\/2022\/06\/14\/el-passat-diumenge-va-tenir-lloc-el-torneig-de-la-joventut-bisbalenca\/","title":{"rendered":"El passat diumenge va tenir lloc el torneig de la Joventut Bisbalenca"},"content":{"rendered":"\n<p>El passat diumenge va tenir lloc el torneig de la Joventut Bisbalenca en qu\u00e8 es van disputar diversos partits, de diferents categories, durant tota la jornada. A m\u00e9s, durant la tarda hi va haver inflables d\u2019aigua gratu\u00efts per als jugadors i jugadores.&nbsp;<\/p>\n\n\n\n<p>L\u2019entrega de guardons va anar a c\u00e0rrec de la regidora d\u2019Esports, Leo Uceda; l\u2019alcaldessa de la Bisbal del Pened\u00e8s, Agn\u00e8s Ferr\u00e9; i el president de la Joventut Bisbalenca, Federico Hern\u00e1ndez. Es van entregar medalles a tots els jugadors i copes als 3 equips classificats, al millor porter i tamb\u00e9 al millor jugador. Aquest darrer premi el va entregar Youssef El Ghazoui, exjugador de la Bisbalenca que ara juga a l\u2019Elx professionalment.<\/p>\n\n\n\n<p>Des d\u2019aqu\u00ed volem felicitar la junta, l\u2019organitzaci\u00f3 i el voluntariat que va fer possible una jornada esportiva i festiva amb el futbol com a protagonista.<\/p>\n\n\n\n<hr class=\"wp-block-separator has-alpha-channel-opacity\"\/>\n\n\n\n<p>El pasado domingo tuvo lugar el torneo de la Joventut Bisbalenca en la que se disputaron varios partidos, de distintas categor\u00edas, durante toda la jornada. Adem\u00e1s, durante la tarde hubo inflables de agua gratuitos para los jugadores y jugadoras.<\/p>\n\n\n\n<p>La entrega de galardones fue a cargo de la concejala de Deportes, Leo Uceda; la alcaldesa de la Bisbal del Pened\u00e8s, Agn\u00e8s Ferr\u00e9; y el presidente de la Joventut Bisbalenca, Federico Hern\u00e1ndez. Se les entregaron medallas a todos los jugadores y copas a los 3 equipos clasificados, al mejor portero y tambi\u00e9n al mejor jugador. Este \u00faltimo premio lo entreg\u00f3 Youssef El Ghazoui, exjugador de la Bisbalenca que ahora juega en el Elche profesionalmente.<\/p>\n\n\n\n<p>Desde aqu\u00ed queremos felicitar a la junta, la organizaci\u00f3n y el voluntariado que hizo posible una jornada deportiva y festiva con el f\u00fatbol como protagonista.<\/p>\n","protected":false},"excerpt":{"rendered":"<p>El passat diumenge va tenir lloc el torneig de la Joventut Bisbalenca en qu\u00e8 es van disputar diversos partits, de diferents categories, durant tota la jornada. A m\u00e9s, durant la &hellip; <a href=\"https:\/\/bisbalpenedes.com\/web\/2022\/06\/14\/el-passat-diumenge-va-tenir-lloc-el-torneig-de-la-joventut-bisbalenca\/\" class=\"more-link\">Read More<\/a><\/p>\n","protected":false},"author":4,"featured_media":22209,"comment_status":"closed","ping_status":"closed","sticky":false,"template":"","format":"standard","meta":[],"categories":[19,8],"tags":[459,368,367,345,393,366],"_links":{"self":[{"href":"https:\/\/bisbalpenedes.com\/web\/wp-json\/wp\/v2\/posts\/22208"}],"collection":[{"href":"https:\/\/bisbalpenedes.com\/web\/wp-json\/wp\/v2\/posts"}],"about":[{"href":"https:\/\/bisbalpenedes.com\/web\/wp-json\/wp\/v2\/types\/post"}],"author":[{"embeddable":true,"href":"https:\/\/bisbalpenedes.com\/web\/wp-json\/wp\/v2\/users\/4"}],"replies":[{"embeddable":true,"href":"https:\/\/bisbalpenedes.com\/web\/wp-json\/wp\/v2\/comments?post=22208"}],"version-history":[{"count":1,"href":"https:\/\/bisbalpenedes.com\/web\/wp-json\/wp\/v2\/posts\/22208\/revisions"}],"predecessor-version":[{"id":22210,"href":"https:\/\/bisbalpenedes.com\/web\/wp-json\/wp\/v2\/posts\/22208\/revisions\/22210"}],"wp:featuredmedia":[{"embeddable":true,"href":"https:\/\/bisbalpenedes.com\/web\/wp-json\/wp\/v2\/media\/22209"}],"wp:attachment":[{"href":"https:\/\/bisbalpenedes.com\/web\/wp-json\/wp\/v2\/media?parent=22208"}],"wp:term":[{"taxonomy":"category","embeddable":true,"href":"https:\/\/bisbalpenedes.com\/web\/wp-json\/wp\/v2\/categories?post=22208"},{"taxonomy":"post_tag","embeddable":true,"href":"https:\/\/bisbalpenedes.com\/web\/wp-json\/wp\/v2\/tags?post=22208"}],"curies":[{"name":"wp","href":"https:\/\/api.w.org\/{rel}","templated":true}]}}