{"id":22199,"date":"2022-06-14T11:49:53","date_gmt":"2022-06-14T09:49:53","guid":{"rendered":"https:\/\/bisbalpenedes.com\/web\/?p=22199"},"modified":"2022-06-14T11:49:53","modified_gmt":"2022-06-14T09:49:53","slug":"avui-sha-signat-el-contracte-amb-una-de-les-families-adjudicataries-dels-habitatges-socials","status":"publish","type":"post","link":"https:\/\/bisbalpenedes.com\/web\/2022\/06\/14\/avui-sha-signat-el-contracte-amb-una-de-les-families-adjudicataries-dels-habitatges-socials\/","title":{"rendered":"Avui s&#8217;ha signat el contracte amb una de les fam\u00edlies adjudicat\u00e0ries dels habitatges socials"},"content":{"rendered":"\n<p>Avui dimarts 14 de juny s\u2019ha signat el contracte amb una de les fam\u00edlies adjudicat\u00e0ries dels habitatges socials de La Bisbal del Pened\u00e8s ( les antigues cases dels mestres).\u00a0<\/p>\n\n\n\n<p>L\u2019Ajuntament de la Bisbal del Pened\u00e8s continua amb les tramitacions per fer entrega del segon habitatge properament.<\/p>\n\n\n\n<figure class=\"wp-block-image size-full\"><img loading=\"lazy\" width=\"652\" height=\"668\" src=\"https:\/\/bisbalpenedes.com\/web\/wp-content\/uploads\/2022\/06\/HABITATGE-SOCIAL-MESTRES-2.jpeg\" alt=\"\" class=\"wp-image-22200\" srcset=\"https:\/\/bisbalpenedes.com\/web\/wp-content\/uploads\/2022\/06\/HABITATGE-SOCIAL-MESTRES-2.jpeg 652w, https:\/\/bisbalpenedes.com\/web\/wp-content\/uploads\/2022\/06\/HABITATGE-SOCIAL-MESTRES-2-293x300.jpeg 293w, https:\/\/bisbalpenedes.com\/web\/wp-content\/uploads\/2022\/06\/HABITATGE-SOCIAL-MESTRES-2-600x615.jpeg 600w\" sizes=\"(max-width: 652px) 100vw, 652px\" \/><\/figure>\n\n\n\n<hr class=\"wp-block-separator has-alpha-channel-opacity\"\/>\n\n\n\n<p>Hoy martes 14 de junio se ha firmado el contrato con una de las familias adjudicatarias de las viviendas sociales de La Bisbal del Pened\u00e8s (las antiguas casas de los maestros).<\/p>\n\n\n\n<p>El Ayuntamiento de la Bisbal del Pened\u00e8s contin\u00faa con las tramitaciones para hacer entrega de la segunda vivienda pr\u00f3ximamente.<\/p>\n","protected":false},"excerpt":{"rendered":"<p>Avui dimarts 14 de juny s\u2019ha signat el contracte amb una de les fam\u00edlies adjudicat\u00e0ries dels habitatges socials de La Bisbal del Pened\u00e8s ( les antigues cases dels mestres).\u00a0 L\u2019Ajuntament &hellip; <a href=\"https:\/\/bisbalpenedes.com\/web\/2022\/06\/14\/avui-sha-signat-el-contracte-amb-una-de-les-families-adjudicataries-dels-habitatges-socials\/\" class=\"more-link\">Read More<\/a><\/p>\n","protected":false},"author":4,"featured_media":22201,"comment_status":"closed","ping_status":"closed","sticky":false,"template":"","format":"standard","meta":[],"categories":[3851,8],"tags":[459,384,385,393,1374],"_links":{"self":[{"href":"https:\/\/bisbalpenedes.com\/web\/wp-json\/wp\/v2\/posts\/22199"}],"collection":[{"href":"https:\/\/bisbalpenedes.com\/web\/wp-json\/wp\/v2\/posts"}],"about":[{"href":"https:\/\/bisbalpenedes.com\/web\/wp-json\/wp\/v2\/types\/post"}],"author":[{"embeddable":true,"href":"https:\/\/bisbalpenedes.com\/web\/wp-json\/wp\/v2\/users\/4"}],"replies":[{"embeddable":true,"href":"https:\/\/bisbalpenedes.com\/web\/wp-json\/wp\/v2\/comments?post=22199"}],"version-history":[{"count":1,"href":"https:\/\/bisbalpenedes.com\/web\/wp-json\/wp\/v2\/posts\/22199\/revisions"}],"predecessor-version":[{"id":22202,"href":"https:\/\/bisbalpenedes.com\/web\/wp-json\/wp\/v2\/posts\/22199\/revisions\/22202"}],"wp:featuredmedia":[{"embeddable":true,"href":"https:\/\/bisbalpenedes.com\/web\/wp-json\/wp\/v2\/media\/22201"}],"wp:attachment":[{"href":"https:\/\/bisbalpenedes.com\/web\/wp-json\/wp\/v2\/media?parent=22199"}],"wp:term":[{"taxonomy":"category","embeddable":true,"href":"https:\/\/bisbalpenedes.com\/web\/wp-json\/wp\/v2\/categories?post=22199"},{"taxonomy":"post_tag","embeddable":true,"href":"https:\/\/bisbalpenedes.com\/web\/wp-json\/wp\/v2\/tags?post=22199"}],"curies":[{"name":"wp","href":"https:\/\/api.w.org\/{rel}","templated":true}]}}