{"id":22183,"date":"2022-06-13T18:24:35","date_gmt":"2022-06-13T16:24:35","guid":{"rendered":"https:\/\/bisbalpenedes.com\/web\/?p=22183"},"modified":"2022-06-16T14:05:26","modified_gmt":"2022-06-16T12:05:26","slug":"el-comerc-bisbalenc-aposta-per-la-sostenibilitat-en-una-campanya-en-que-premia-la-fidelitat-amb-bosses-reutilitzables-i-tuppers%ef%bf%bc","status":"publish","type":"post","link":"https:\/\/bisbalpenedes.com\/web\/2022\/06\/13\/el-comerc-bisbalenc-aposta-per-la-sostenibilitat-en-una-campanya-en-que-premia-la-fidelitat-amb-bosses-reutilitzables-i-tuppers%ef%bf%bc\/","title":{"rendered":"El comer\u00e7 bisbalenc aposta per la sostenibilitat en una campanya en qu\u00e8 premia la fidelitat amb bosses reutilitzables i \u201ctuppers\u201d\ufffc"},"content":{"rendered":"\n<p>Del 17 de juny al 3 de juliol el comer\u00e7 bisbalenc estar\u00e0 immers en la campanya comercial \u201cT\u2019estimo comer\u00e7 bisbalenc. Residu zero\u201d que comptar\u00e0 amb obsequis, promocions i sortejos per premiar la fidelitat dels clients en les botigues i establiments de serveis bisbalencs. L\u2019Ajuntament de la Bisbal del Pened\u00e8s i la Cambra de Comer\u00e7 de Tarragona engeguen aquesta nova iniciativa amb l\u2019objectiu de dinamitzar i donar visibilitat al teixit comercial local i, alhora, promoure la reutilitzaci\u00f3 de bosses i recipients per, aix\u00ed,&nbsp; fer una compra m\u00e9s sostenible.<\/p>\n\n\n\n<p>La campanya consistir\u00e0 a premiar la fidelitat dels ve\u00efns que comprin a la Bisbal entre el 17 de juny i el 3 de juliol. Tots aquells que comprin en 8 establiments diferents del municipi, es podran adre\u00e7ar a l\u2019Ajuntament de la Bisbal del Pened\u00e8s per rebre un <em>tupper<\/em> o una bossa reutilitzable de la campanya. A m\u00e9s, aquella mateixa butlleta servir\u00e0 per participar en el sorteig de 10 lots de 2 <em>tuppers<\/em> i 1 bossa i tamb\u00e9 d\u2019un lot de productes bisbalencs. Com a novetat, cada ve\u00ed podr\u00e0 participar m\u00e9s d\u2019una vegada, emplenant la butlleta, per poder aconseguir les dues carmanyoles disponibles i la bossa.<\/p>\n\n\n\n<p>Una vegada m\u00e9s, la campanya de dinamitzaci\u00f3 comercial es vehicular\u00e0 a trav\u00e9s de l\u2019etiqueta <strong>#JoComproALaBisbal.<\/strong> Els comer\u00e7os l\u2019empraran per publicar les seves promocions i els clients podran penjar les seves fotos, amb els obsequis de la campanya o comprant als comer\u00e7os, utilitzant aquesta etiqueta a Instagram. Si els usuaris ho desitgen, tamb\u00e9 podran etiquetar el perfil <strong><a href=\"http:\/\/www.instagram.com\/bisbalpenedes\" target=\"_blank\" rel=\"noreferrer noopener\">@bisbalpenedes<\/a><\/strong> a les <em>storie<\/em>s o a les publicacions d\u2019Instagram perqu\u00e8 l\u2019Ajuntament les pugui compartir a les <em>stories<\/em> del perfil institucional (sempre que els perfils que facin la compartici\u00f3 siguin p\u00fablics).<\/p>\n\n\n\n<p>La Presidenta de la Cambra de Tarragona, Laura Roig\u00e9, ha explicat que &#8220;aquesta \u00e9s una campanya de valors, que demostra com petites accions bisbalenques tenen un comprom\u00eds global a trav\u00e9s de promoure el residu zero i els productes de Km 0. A m\u00e9s aquesta promoci\u00f3 comercial coincideix amb unes dates molt singulars des del punt de vista local, Sant Joan i les festes dels barris\u201d. Roig\u00e9 tamb\u00e9 ha adre\u00e7at unes paraules al teixit comercial bisbalenc \u201cvoldria felicitar a tots els comer\u00e7os, establiments de serveis, bars i restaurants per la seva participaci\u00f3 i el seu comprom\u00eds de sostenibilitat, jo tamb\u00e9 <em>T&#8217;estimo comer\u00e7 bisbalenc!&#8221;<\/em><\/p>\n\n\n\n<p>La regidora de Comer\u00e7 de l\u2019Ajuntament de la Bisbal del Pened\u00e8s, Judith Vidal, s\u2019ha mostrat molt satisfeta de poder tirar endavant aquesta nova iniciativa \u201cestic molt contenta de tornar a engegar una campanya comercial al municipi, de la implicaci\u00f3 de tots els comer\u00e7os, de les ganes, de tota la il\u00b7lusi\u00f3 que hi posen sempre que els oferim una nova oportunitat de promocionar-se\u201d. Vidal ha afegit que \u201cens agradaria que la gent an\u00e9s a comprar amb<em> tuppers <\/em>i amb bosses reutilitzables perqu\u00e8, no nom\u00e9s ens ho agrairia el medi ambient sin\u00f3 que les botigues tamb\u00e9 podrien estalviar\u201d. En aquesta nova promoci\u00f3 \u201cels clients hauran de passar per 8 comer\u00e7os per poder obtenir els obsequis. Ho hem fet aix\u00ed a petici\u00f3 dels comerciants\u201d. La regidora ha volgut aprofitar per donar la benvinguda als dos nous establiments que han obert recentment al municipi, Pastisseria MaGo i Forn de la Pla\u00e7a, i ha animat els bisbalencs a participar en la campanya: \u201cComprem a la Bisbal: hi trobarem millor preu, farem una compra m\u00e9s sostenible i de qualitat, estalviarem en residus i evitarem trajectes, amb la despesa en combustible i d\u2019emissions al medi ambient que aix\u00f2 suposa. Qu\u00e8 m\u00e9s es pot demanar? Espero que tots gaudim aquesta campanya com hem gaudit de les anteriors\u201d.<\/p>\n\n\n\n<p>CONSULTEU LES PROMOCIONS DISPONIBLES ALS COMER\u00c7OS AQU\u00cd: <a href=\"https:\/\/bisbalpenedes.com\/web\/wp-content\/uploads\/2022\/06\/PROMOCIONS-FINS-AL-3-DE-JULIOL-COMERC\u0327-BISBALENC-TESTIMO-RESIDU-ZERO.pdf\" target=\"_blank\" rel=\"noreferrer noopener\">https:\/\/bisbalpenedes.com\/web\/wp-content\/uploads\/2022\/06\/PROMOCIONS-FINS-AL-3-DE-JULIOL-COMERC\u0327-BISBALENC-TESTIMO-RESIDU-ZERO.pdf<\/a> <\/p>\n\n\n\n<hr class=\"wp-block-separator has-alpha-channel-opacity\"\/>\n\n\n\n<p>C<strong>ASTELLANO |<\/strong> Del 17 de junio al 3 de julio el comercio bisbalense estar\u00e1 inmerso en la campa\u00f1a comercial &#8220;T&#8217;estimo comer\u00e7 bisbalenc. Residu zero&#8221; que contar\u00e1 con obsequios, promociones y sorteos para premiar la fidelidad de los clientes en las tiendas y establecimientos de servicios bisbalenses. El Ayuntamiento de la Bisbal del Pened\u00e8s y la C\u00e1mara de Comercio de Tarragona sacan adelante esta nueva iniciativa con el objetivo de dinamizar y dar visibilidad al tejido comercial local y, a la vez, promover la reutilizaci\u00f3n de bolsas y recipientes para, as\u00ed, hacer una compra m\u00e1s sostenible.<\/p>\n\n\n\n<p>La campa\u00f1a consistir\u00e1 en premiar la fidelidad de los vecinos que compren en la Bisbal entre el 17 de julio y el 3 de julio. Todos aquellos que compren en 8 establecimientos distintos del municipio, se podr\u00e1n dirigir al Ayuntamiento de la Bisbal para recibir un t\u00e1per o una bolsa reutilizable de la campa\u00f1a. Adem\u00e1s, ese mismo boleto servir\u00e1 para participar en el sorteo de 10 lotes de t\u00e1pers y 1 bolsa y tambi\u00e9n de un lote de productos bisbalenses. Como novedad, cada vecino podr\u00e1 participar m\u00e1s de una vez, rellenando la tarjeta, para poder conseguir los dos t\u00e1pers disponibles y la bolsa.<\/p>\n\n\n\n<p>Una vez m\u00e1s, la campa\u00f1a de dinamizaci\u00f3n comercial se vehicular\u00e1 a trav\u00e9s de la etiqueta <strong>#JoComproAlaBisbal<\/strong>. Los comercios la utilizar\u00e1n para publicar sus promociones y los clientes podr\u00e1n colgar sus fotos, con los obsequios de la campa\u00f1a o comprando en los comercios, utilizando esta etiqueta en Instagram. Si los usuarios lo desean, tambi\u00e9n podr\u00e1n etiquetar el perfil <strong>@bisbalpenedes<\/strong> en las <em>stories<\/em> o en las publicaciones de Instagram para que el Ayuntamiento las pueda compartir en las <em>stories<\/em> del perfil institucional (siempre que los perfiles que hagan la compartici\u00f3n sean p\u00fablicos).<\/p>\n\n\n\n<p>La presidenta de la C\u00e1mara de Tarragona, Laura Roig\u00e9, ha explicado que &#8220;esta es una campa\u00f1a de valores, que demuestra como peque\u00f1as acciones en la Bisbal tienen un compromiso global a trav\u00e9s de promover el residuo cero y los productos de Km 0. Adem\u00e1s, esta promoci\u00f3n comercial coincide con unas fechas muy singulares desde el punto de vista local, San Juan y las fiestas de los barrios&#8221;. Roig\u00e9 tambi\u00e9n ha dirigido unas palabras al tejido comercial bisbalense &#8220;querr\u00eda felicitar a todos los comercios, establecimientos de servicios, bares y restaurantes por su participaci\u00f3n y su compromiso de sostenibilidad, yo tambi\u00e9n \u00a1<em>Te quiero, comercio bisbalense!&#8221;.<\/em><\/p>\n\n\n\n<p>La concejala de Comercio en el Ayuntamiento de la Bisbal del Pened\u00e8s, Judith Vidal, se ha mostrado muy satisfecha con el hecho de poder llevar a cabo esta iniciativa &#8220;estoy muy contenta de volver a arrancar una campa\u00f1a comercial en el municipio, de la implicaci\u00f3n de todos los comercios, las ganas, de toda la ilusi\u00f3n que ponen siempre que les ofrecemos una nueva oportunidad de promocionarse&#8221;. Vidal ha a\u00f1adido que &#8220;nos gustar\u00eda que la gente fuese a comprar con t\u00e1pers y con bolsas reutilizables porque, no solamente lo agradecer\u00eda el medio ambiente, sino que las tiendas tambi\u00e9n podr\u00edan ahorrar&#8221;. En esta nueva promoci\u00f3n &#8220;los clientes tendr\u00e1n que pasar por 8 comercios para poder obtener los obsequios. Lo hemos hecho as\u00ed a petici\u00f3n de los comerciantes&#8221;. La concejala ha querido aprovechar para dar la bienvenida a los dos nuevos establecimientos que han abierto recientemente en el municipio, Pastisseria MaGo y Forn de la Pla\u00e7a, y ha animado a los bisbalenses a participar en la campa\u00f1a: &#8220;Compremos en la Bisbal: encontraremos mejor precio, haremos una compra m\u00e1s sostenible y de calidad, ahorraremos en residuos y evitaremos trayectos, con el gasto en combustible y de emisiones al medio ambiente que esto supone. \u00bfQu\u00e9 m\u00e1s se puede pedir? Espero que todos disfrutemos esta campa\u00f1a como hemos disfrutado de las anteriores&#8221;.<\/p>\n\n\n\n<p>CONSULTAD LAS PROMOCIONES DISPONIBLES EN LOS COMERCIOS, AQU\u00cd: <a href=\"https:\/\/bisbalpenedes.com\/web\/wp-content\/uploads\/2022\/06\/PROMOCIONS-FINS-AL-3-DE-JULIOL-COMERC\u0327-BISBALENC-TESTIMO-RESIDU-ZERO.pdf\" target=\"_blank\" rel=\"noreferrer noopener\">https:\/\/bisbalpenedes.com\/web\/wp-content\/uploads\/2022\/06\/PROMOCIONS-FINS-AL-3-DE-JULIOL-COMERC\u0327-BISBALENC-TESTIMO-RESIDU-ZERO.pdf<\/a><\/p>\n","protected":false},"excerpt":{"rendered":"<p>Del 17 de juny al 3 de juliol el comer\u00e7 bisbalenc estar\u00e0 immers en la campanya comercial \u201cT\u2019estimo comer\u00e7 bisbalenc. Residu zero\u201d que comptar\u00e0 amb obsequis, promocions i sortejos per &hellip; <a href=\"https:\/\/bisbalpenedes.com\/web\/2022\/06\/13\/el-comerc-bisbalenc-aposta-per-la-sostenibilitat-en-una-campanya-en-que-premia-la-fidelitat-amb-bosses-reutilitzables-i-tuppers%ef%bf%bc\/\" class=\"more-link\">Read More<\/a><\/p>\n","protected":false},"author":4,"featured_media":22185,"comment_status":"closed","ping_status":"closed","sticky":false,"template":"","format":"standard","meta":[],"categories":[3860,8],"tags":[1912,4246,5250,4204,393,2555,2594,5322,5324,5323],"_links":{"self":[{"href":"https:\/\/bisbalpenedes.com\/web\/wp-json\/wp\/v2\/posts\/22183"}],"collection":[{"href":"https:\/\/bisbalpenedes.com\/web\/wp-json\/wp\/v2\/posts"}],"about":[{"href":"https:\/\/bisbalpenedes.com\/web\/wp-json\/wp\/v2\/types\/post"}],"author":[{"embeddable":true,"href":"https:\/\/bisbalpenedes.com\/web\/wp-json\/wp\/v2\/users\/4"}],"replies":[{"embeddable":true,"href":"https:\/\/bisbalpenedes.com\/web\/wp-json\/wp\/v2\/comments?post=22183"}],"version-history":[{"count":3,"href":"https:\/\/bisbalpenedes.com\/web\/wp-json\/wp\/v2\/posts\/22183\/revisions"}],"predecessor-version":[{"id":22276,"href":"https:\/\/bisbalpenedes.com\/web\/wp-json\/wp\/v2\/posts\/22183\/revisions\/22276"}],"wp:featuredmedia":[{"embeddable":true,"href":"https:\/\/bisbalpenedes.com\/web\/wp-json\/wp\/v2\/media\/22185"}],"wp:attachment":[{"href":"https:\/\/bisbalpenedes.com\/web\/wp-json\/wp\/v2\/media?parent=22183"}],"wp:term":[{"taxonomy":"category","embeddable":true,"href":"https:\/\/bisbalpenedes.com\/web\/wp-json\/wp\/v2\/categories?post=22183"},{"taxonomy":"post_tag","embeddable":true,"href":"https:\/\/bisbalpenedes.com\/web\/wp-json\/wp\/v2\/tags?post=22183"}],"curies":[{"name":"wp","href":"https:\/\/api.w.org\/{rel}","templated":true}]}}