{"id":22171,"date":"2022-06-13T13:22:07","date_gmt":"2022-06-13T11:22:07","guid":{"rendered":"https:\/\/bisbalpenedes.com\/web\/?p=22171"},"modified":"2022-06-13T17:51:53","modified_gmt":"2022-06-13T15:51:53","slug":"sha-convocat-una-junta-de-govern-local-per-avui-dilluns-13-de-juny-amb-una-proposta-amb-competencia-del-ple-delegada-a-la-junta-de-govern","status":"publish","type":"post","link":"https:\/\/bisbalpenedes.com\/web\/2022\/06\/13\/sha-convocat-una-junta-de-govern-local-per-avui-dilluns-13-de-juny-amb-una-proposta-amb-competencia-del-ple-delegada-a-la-junta-de-govern\/","title":{"rendered":"S&#8217;ha convocat una Junta de Govern Local per avui dilluns 13 de juny amb una proposta amb compet\u00e8ncia del Ple delegada a la Junta de Govern"},"content":{"rendered":"\n<p>S&#8217;ha convocat una Junta de Govern Local per a avui dilluns 13 de juny i, entre les propostes que s&#8217;eleven a la Junta n&#8217;hi ha una amb compet\u00e8ncia del Ple delegada a la Junta de Govern mitjan\u00e7ant acord plenari del 4 de juliol de 2019:<\/p>\n\n\n\n<ul><li>Expedient 1193\/2022: Inici de l&#8217;expedient de redacci\u00f3 dels plecs de cl\u00e0usules per licitar el projecte de remodelaci\u00f3 i ampliaci\u00f3 del poliesportiu municipal (fases 1.1 i 1.2)<\/li><\/ul>\n\n\n\n<p>Les sessions de la Junta de Govern Local no s\u00f3n p\u00fabliques, per\u00f2 quan actua en compet\u00e8ncies delegades del Ple, la Sessi\u00f3 se sotmet als mateixos requisits de publicitat de les Sessions del Ple, que s\u00f3n p\u00fabliques. Aix\u00ed ho va declarar la STS 161\/2013, de\u00a026 de setembre. Per aquest motiu, el dilluns 13 de juny, a les 19:30h, s&#8217;obriran les portes de la sala de Plens perqu\u00e8, qui ho desitgi, pugui assistir com a p\u00fablic a l&#8217;explicaci\u00f3 i votaci\u00f3 d&#8217;aquests punts a la Junta de Govern.\u00a0Tamb\u00e9 es gravar\u00e0 aquest punt de l&#8217;ordre del dia i posteriorment es retransmetr\u00e0 per garantir la seva publicitat.<\/p>\n\n\n\n<p>&#8212;<\/p>\n\n\n\n<p><\/p>\n\n\n\n<hr class=\"wp-block-separator has-alpha-channel-opacity\"\/>\n\n\n\n<p><strong>CASTELLANO<\/strong>&nbsp;| Se ha convocado una Junta de Gobierno Local para hoy lunes 13 de junio y, entre las propuestas que se elevan a la Junta hay una competencia del Pleno delegada a la Junta de Gobierno mediante acuerdo plenario del 4 de julio de 2019:<\/p>\n\n\n\n<ul><li>Expediente 1193\/2022: Inicio del expediente de redacci\u00f3n de los pliegos de cl\u00e1usulas para licitar el proyecto de remodelaci\u00f3n y ampliaci\u00f3n del polideportivo municipal (fases 1.1. Y 1.2.)<\/li><\/ul>\n\n\n\n<p>Las sesiones de la Junta de Gobierno Local no son p\u00fablicas, pero cuando act\u00faa en competencias delegadas del Pleno, la Sesi\u00f3n se somete a los mismos requisitos de publicidad de las Sesiones del Pleno, que son p\u00fablicas. As\u00ed lo declar\u00f3 la STS 161\/2013, de 26 de septiembre. Por este motivo, el lunes 13 de junio, a las 19:30h, se abrir\u00e1n las puertas de la sala de Plenos para quien, lo desee, pueda asistir como p\u00fablico a la explicaci\u00f3n y votaci\u00f3n de estos puntos a la Junta de Gobierno.\u00a0Tambi\u00e9n se grabar\u00e1 este punto en el orden del d\u00eda y posteriormente se retransmitir\u00e1 para garantizar su publicidad.\u00a0<\/p>\n","protected":false},"excerpt":{"rendered":"<p>S&#8217;ha convocat una Junta de Govern Local per a avui dilluns 13 de juny i, entre les propostes que s&#8217;eleven a la Junta n&#8217;hi ha una amb compet\u00e8ncia del Ple &hellip; <a href=\"https:\/\/bisbalpenedes.com\/web\/2022\/06\/13\/sha-convocat-una-junta-de-govern-local-per-avui-dilluns-13-de-juny-amb-una-proposta-amb-competencia-del-ple-delegada-a-la-junta-de-govern\/\" class=\"more-link\">Read More<\/a><\/p>\n","protected":false},"author":4,"featured_media":22050,"comment_status":"closed","ping_status":"closed","sticky":false,"template":"","format":"standard","meta":[],"categories":[8],"tags":[459,393,1374,139],"_links":{"self":[{"href":"https:\/\/bisbalpenedes.com\/web\/wp-json\/wp\/v2\/posts\/22171"}],"collection":[{"href":"https:\/\/bisbalpenedes.com\/web\/wp-json\/wp\/v2\/posts"}],"about":[{"href":"https:\/\/bisbalpenedes.com\/web\/wp-json\/wp\/v2\/types\/post"}],"author":[{"embeddable":true,"href":"https:\/\/bisbalpenedes.com\/web\/wp-json\/wp\/v2\/users\/4"}],"replies":[{"embeddable":true,"href":"https:\/\/bisbalpenedes.com\/web\/wp-json\/wp\/v2\/comments?post=22171"}],"version-history":[{"count":4,"href":"https:\/\/bisbalpenedes.com\/web\/wp-json\/wp\/v2\/posts\/22171\/revisions"}],"predecessor-version":[{"id":22176,"href":"https:\/\/bisbalpenedes.com\/web\/wp-json\/wp\/v2\/posts\/22171\/revisions\/22176"}],"wp:featuredmedia":[{"embeddable":true,"href":"https:\/\/bisbalpenedes.com\/web\/wp-json\/wp\/v2\/media\/22050"}],"wp:attachment":[{"href":"https:\/\/bisbalpenedes.com\/web\/wp-json\/wp\/v2\/media?parent=22171"}],"wp:term":[{"taxonomy":"category","embeddable":true,"href":"https:\/\/bisbalpenedes.com\/web\/wp-json\/wp\/v2\/categories?post=22171"},{"taxonomy":"post_tag","embeddable":true,"href":"https:\/\/bisbalpenedes.com\/web\/wp-json\/wp\/v2\/tags?post=22171"}],"curies":[{"name":"wp","href":"https:\/\/api.w.org\/{rel}","templated":true}]}}