{"id":2217,"date":"2017-04-08T18:35:47","date_gmt":"2017-04-08T12:35:47","guid":{"rendered":"http:\/\/bisbalpenedes.com\/web\/?p=2217"},"modified":"2017-04-08T18:41:43","modified_gmt":"2017-04-08T12:41:43","slug":"la-generalitat-du-a-terme-accions-paisatgistiques-en-la-rotonda-de-la-miralba","status":"publish","type":"post","link":"https:\/\/bisbalpenedes.com\/web\/2017\/04\/08\/la-generalitat-du-a-terme-accions-paisatgistiques-en-la-rotonda-de-la-miralba\/","title":{"rendered":"La Generalitat duu a terme accions paisatg\u00edstiques en la rotonda de La Miralba"},"content":{"rendered":"<p><a href=\"http:\/\/bisbalpenedes.com\/web\/wp-content\/uploads\/2017\/04\/rotonda-miralba-2.jpg\"><img loading=\"lazy\" class=\"aligncenter size-medium wp-image-2218\" title=\"rotonda miralba 2\" src=\"http:\/\/bisbalpenedes.com\/web\/wp-content\/uploads\/2017\/04\/rotonda-miralba-2-300x225.jpg\" alt=\"\" width=\"300\" height=\"225\" srcset=\"https:\/\/bisbalpenedes.com\/web\/wp-content\/uploads\/2017\/04\/rotonda-miralba-2-300x225.jpg 300w, https:\/\/bisbalpenedes.com\/web\/wp-content\/uploads\/2017\/04\/rotonda-miralba-2-600x450.jpg 600w, https:\/\/bisbalpenedes.com\/web\/wp-content\/uploads\/2017\/04\/rotonda-miralba-2-1024x768.jpg 1024w\" sizes=\"(max-width: 300px) 100vw, 300px\" \/><\/a><\/p>\n<p><strong>Les actuacions es duen a terme a la carretera C-51 del Vendrell a Valls<\/strong><\/p>\n<p>La Generalitat de Catatlunya est\u00e0 arranjant la rotonda que hi ha a La Miralba. L\u2019objecte de les accions \u00e9s \u00a0la millora local d\u2019aquest tram de carretera, que inclou b\u00e0sicament revegetaci\u00f3 i adequaci\u00f3 paisatg\u00edstica de l\u2019obra aix\u00ed com la millora i el condicionament d\u2019obres de drenatge i passos inferiors per a facilitar el pas de la fauna (com ara ramats d\u2019ovelles). Les actuacions previstes en el projecte hauran de permetre:<\/p>\n<p>-Afavorir la recolonitzaci\u00f3 natural de les zones de nova creaci\u00f3 afectades per l\u2019obra<\/p>\n<p>-Millorar la integraci\u00f3 de l\u2019obra en el seu entorn<\/p>\n<p>-Minimitzar l\u2019efecte barrera per a la fauna<\/p>\n<p>-Minimitzar l\u2019impacte ac\u00fastic, en els receptors m\u00e9s propers.<\/p>\n<p>En l\u2019actuaci\u00f3 al municipi de La Bisbal del Pened\u00e8s es duen a terme les seg\u00fcents accions:<\/p>\n<p>-Treballs previs de preparaci\u00f3 del terreny<\/p>\n<p>-Plantacions de talussos i espais planers<\/p>\n<p>-Plantacions de planta forestal i de mida mitjana<\/p>\n<p>-Plantacions de planta arb\u00f2ria de mida mitjana<\/p>\n<p>-Hidrosembra parcial de la superf\u00edcie afectada per l\u2019obra principal<\/p>\n<p>-Adequaci\u00f3 paisatg\u00edstica de dues rotondes (la d\u2019Albinyana i la de La Bisbal del Pened\u00e8s) que inclou: aportaci\u00f3 de substrat especial per a sembres, rebliments amb rebuig de b\u00f2bila matxucat o amb escor\u00e7a de pi triturada, perfils separadors, execuci\u00f3 de murets de pedra seca collada, plantacions arb\u00f2ries i arbustives amb planta mitjana, gran i sembra manual aix\u00ed com altres mesures d\u2019integraci\u00f3 visual.<\/p>\n<p>-Mesures de protecci\u00f3 de la fauna (mesures per a facilitar l\u2019encreuament de la carretera d\u2019un pas ramader, com ara senyalitzaci\u00f3 d\u2019advert\u00e8ncia i informativa o condicionament de la rampa per al pas de ramats)<\/p>\n<p>Les obres s\u2019estan duent a terme en l\u2019actualitat i no comptem amb una data exacta de finalitzaci\u00f3.<\/p>\n","protected":false},"excerpt":{"rendered":"<p>Les actuacions es duen a terme a la carretera C-51 del Vendrell a Valls La Generalitat de Catatlunya est\u00e0 arranjant la rotonda que hi ha a La Miralba. L\u2019objecte de &hellip; <a href=\"https:\/\/bisbalpenedes.com\/web\/2017\/04\/08\/la-generalitat-du-a-terme-accions-paisatgistiques-en-la-rotonda-de-la-miralba\/\" class=\"more-link\">Read More<\/a><\/p>\n","protected":false},"author":4,"featured_media":2218,"comment_status":"closed","ping_status":"closed","sticky":false,"template":"","format":"standard","meta":[],"categories":[4,32],"tags":[299,22,146,298],"_links":{"self":[{"href":"https:\/\/bisbalpenedes.com\/web\/wp-json\/wp\/v2\/posts\/2217"}],"collection":[{"href":"https:\/\/bisbalpenedes.com\/web\/wp-json\/wp\/v2\/posts"}],"about":[{"href":"https:\/\/bisbalpenedes.com\/web\/wp-json\/wp\/v2\/types\/post"}],"author":[{"embeddable":true,"href":"https:\/\/bisbalpenedes.com\/web\/wp-json\/wp\/v2\/users\/4"}],"replies":[{"embeddable":true,"href":"https:\/\/bisbalpenedes.com\/web\/wp-json\/wp\/v2\/comments?post=2217"}],"version-history":[{"count":5,"href":"https:\/\/bisbalpenedes.com\/web\/wp-json\/wp\/v2\/posts\/2217\/revisions"}],"predecessor-version":[{"id":2220,"href":"https:\/\/bisbalpenedes.com\/web\/wp-json\/wp\/v2\/posts\/2217\/revisions\/2220"}],"wp:featuredmedia":[{"embeddable":true,"href":"https:\/\/bisbalpenedes.com\/web\/wp-json\/wp\/v2\/media\/2218"}],"wp:attachment":[{"href":"https:\/\/bisbalpenedes.com\/web\/wp-json\/wp\/v2\/media?parent=2217"}],"wp:term":[{"taxonomy":"category","embeddable":true,"href":"https:\/\/bisbalpenedes.com\/web\/wp-json\/wp\/v2\/categories?post=2217"},{"taxonomy":"post_tag","embeddable":true,"href":"https:\/\/bisbalpenedes.com\/web\/wp-json\/wp\/v2\/tags?post=2217"}],"curies":[{"name":"wp","href":"https:\/\/api.w.org\/{rel}","templated":true}]}}