{"id":22162,"date":"2022-06-09T09:43:54","date_gmt":"2022-06-09T07:43:54","guid":{"rendered":"https:\/\/bisbalpenedes.com\/web\/?p=22162"},"modified":"2022-06-09T09:43:54","modified_gmt":"2022-06-09T07:43:54","slug":"el-consultori-medic-de-la-bisbal-del-penedes-romandra-tancat-el-dimecres-15-de-juny-de-1230h-a-1530h","status":"publish","type":"post","link":"https:\/\/bisbalpenedes.com\/web\/2022\/06\/09\/el-consultori-medic-de-la-bisbal-del-penedes-romandra-tancat-el-dimecres-15-de-juny-de-1230h-a-1530h\/","title":{"rendered":"El consultori m\u00e8dic de la Bisbal del Pened\u00e8s romandr\u00e0 tancat el dimecres 15 de juny de 12:30h a 15:30h"},"content":{"rendered":"\n<p>La Xarxa Santa Tecla ens ha informat que els consultoris de La Bisbal del Pened\u00e8s, Albinyana, Bellvei, Santa Oliva i Coma-Ruga romandran tancats el dimecres 15 de juny de 12.30h a 15.30h.<\/p>\n\n\n\n<p>La Xarxa Sanit\u00e0ria i Social de Santa Tecla ha engegat un proc\u00e9s de revisi\u00f3 de l\u2019organitzaci\u00f3 i dels fluxos d\u2019atenci\u00f3 prim\u00e0ria per tal de detectar punts de millora i, aquesta aturada, ve motivada per les accions, comprovacions i reunions que s\u2019estan duent a terme en el marc d\u2019un estudi sobre l\u2019\u00e0rea d\u2019atenci\u00f3 prim\u00e0ria dels esmentats municipis.<\/p>\n\n\n\n<p>Qualsevol ve\u00ed que requereixi atenci\u00f3 en l\u2019horari afectat es podr\u00e0 adre\u00e7ar al punt d\u2019atenci\u00f3 continuada del CAP del Vendrell o al Servei d\u2019Urg\u00e8ncies de l\u2019Hospital del Vendrell.<\/p>\n\n\n\n<hr class=\"wp-block-separator has-alpha-channel-opacity\"\/>\n\n\n\n<p>La Xarxa Santa Tecla ha informado de que los consultorios de La Bisbal del Pened\u00e8s, Albinyana, Bellvei, Santa Oliva y Coma-Ruga permanecer\u00e1n cerrados el mi\u00e9rcoles 15 de junio de 12.30h a 15.30h.<\/p>\n\n\n\n<p>La Xarxa Sanit\u00e0ria i Social de Santa Tecla ha iniciado un proceso de revisi\u00f3n de la organizaci\u00f3n y de los flujos de atenci\u00f3n primaria con tal de detectar puntos de mejora y, esta parada, viene motivada por las acciones, comprobaciones y reuniones que se est\u00e1n llevando a cabo en el marco de un estudio sobre el \u00e1rea de atenci\u00f3n primaria de los citados municipios.<\/p>\n\n\n\n<p>Cualquier vecino que requiera atenci\u00f3n en el horario afectado se podr\u00e1 dirigir al punto de atenci\u00f3n continua del CAP del Vendrell o al Servicio de Urgencias del Hospital del Vendrell.<\/p>\n","protected":false},"excerpt":{"rendered":"<p>La Xarxa Santa Tecla ens ha informat que els consultoris de La Bisbal del Pened\u00e8s, Albinyana, Bellvei, Santa Oliva i Coma-Ruga romandran tancats el dimecres 15 de juny de 12.30h &hellip; <a href=\"https:\/\/bisbalpenedes.com\/web\/2022\/06\/09\/el-consultori-medic-de-la-bisbal-del-penedes-romandra-tancat-el-dimecres-15-de-juny-de-1230h-a-1530h\/\" class=\"more-link\">Read More<\/a><\/p>\n","protected":false},"author":4,"featured_media":22164,"comment_status":"closed","ping_status":"closed","sticky":false,"template":"","format":"standard","meta":[],"categories":[1628,8,14],"tags":[],"_links":{"self":[{"href":"https:\/\/bisbalpenedes.com\/web\/wp-json\/wp\/v2\/posts\/22162"}],"collection":[{"href":"https:\/\/bisbalpenedes.com\/web\/wp-json\/wp\/v2\/posts"}],"about":[{"href":"https:\/\/bisbalpenedes.com\/web\/wp-json\/wp\/v2\/types\/post"}],"author":[{"embeddable":true,"href":"https:\/\/bisbalpenedes.com\/web\/wp-json\/wp\/v2\/users\/4"}],"replies":[{"embeddable":true,"href":"https:\/\/bisbalpenedes.com\/web\/wp-json\/wp\/v2\/comments?post=22162"}],"version-history":[{"count":1,"href":"https:\/\/bisbalpenedes.com\/web\/wp-json\/wp\/v2\/posts\/22162\/revisions"}],"predecessor-version":[{"id":22163,"href":"https:\/\/bisbalpenedes.com\/web\/wp-json\/wp\/v2\/posts\/22162\/revisions\/22163"}],"wp:featuredmedia":[{"embeddable":true,"href":"https:\/\/bisbalpenedes.com\/web\/wp-json\/wp\/v2\/media\/22164"}],"wp:attachment":[{"href":"https:\/\/bisbalpenedes.com\/web\/wp-json\/wp\/v2\/media?parent=22162"}],"wp:term":[{"taxonomy":"category","embeddable":true,"href":"https:\/\/bisbalpenedes.com\/web\/wp-json\/wp\/v2\/categories?post=22162"},{"taxonomy":"post_tag","embeddable":true,"href":"https:\/\/bisbalpenedes.com\/web\/wp-json\/wp\/v2\/tags?post=22162"}],"curies":[{"name":"wp","href":"https:\/\/api.w.org\/{rel}","templated":true}]}}