{"id":22159,"date":"2022-06-09T09:35:15","date_gmt":"2022-06-09T07:35:15","guid":{"rendered":"https:\/\/bisbalpenedes.com\/web\/?p=22159"},"modified":"2022-06-09T09:35:15","modified_gmt":"2022-06-09T07:35:15","slug":"saprova-un-contracte-per-un-import-de-33-68640e-per-finalitzar-les-franges-forestals-de-can-gordei-i-lesplai","status":"publish","type":"post","link":"https:\/\/bisbalpenedes.com\/web\/2022\/06\/09\/saprova-un-contracte-per-un-import-de-33-68640e-per-finalitzar-les-franges-forestals-de-can-gordei-i-lesplai\/","title":{"rendered":"S\u2019aprova un contracte per un import de 33.686,40\u20ac per finalitzar les franges forestals de Can Gordei i l\u2019Esplai"},"content":{"rendered":"\n<p>L\u2019alcaldessa de la Bisbal del Pened\u00e8s, Agn\u00e8s Ferr\u00e9, ha signat un Decret d\u2019alcaldia aquest dimecres 8 de juny per aprovar un contracte menor amb l\u2019empresa AgroServeis Catalunya SCCP, per un import de 33.686,40\u20ac (IVA incl\u00f2s) per l\u2019obertura de la franja forestal perimetral de les urbanitzacions Can Gordei i l&#8217;Esplai. Concretament, es faran els seg\u00fcents treballs:<\/p>\n\n\n\n<ul><li>Franja est de Can Gordei: la zona que va paral\u00b7lela als carrers Segre i Ter, des de la C-51 fins als dip\u00f2sits d\u2019aigua del primer pol\u00edgon.<\/li><li>El segon pol\u00edgon de Can Gordei: tota la franja<\/li><li>L\u2019Esplai: una petita zona que queda pendent al barranc del quadrell (paral\u00b7lel al carrer del Foix) i una franja d\u2019entre 20 i 40 metres d\u2019amplada que queda a l\u2019Esplai, paral\u00b7lela al carrer Francisco de Goya i la carretera de Mas Arbon\u00e8s.<\/li><\/ul>\n\n\n\n<p>Aquests treballs compten amb una subvenci\u00f3 de 9.594\u20ac del Departament d\u2019Agricultura, Ramaderia, Pesca, Alimentaci\u00f3 i Medi Natural de la Generalitat de Catalunya per al tractament de la vegetaci\u00f3 en urbanitzacions i nuclis de poblaci\u00f3 afectats per la Llei 5\/2003, de 22 d\u2019abril, corresponents a 2022.<\/p>\n\n\n\n<hr class=\"wp-block-separator has-alpha-channel-opacity\"\/>\n\n\n\n<p><strong>CASTELLANO |<\/strong> La alcaldesa de la Bisbal del Pened\u00e8s, Agn\u00e8s Ferr\u00e9, ha firmado un Decreto de alcald\u00eda este mi\u00e9rcoles 8 de junio para aprobar un contrato menor con la empresa AgroServeis Catalunya SCCP, por un importe de 33.686,40\u20ac (IVA incluido) para la apertura de la franja forestal perimetral de las urbanizaciones Can Gordei i l&#8217;Esplai. Concretamente, se har\u00e1n los siguientes trabajos:<\/p>\n\n\n\n<ul><li>Franja este de Can Gordei: la zona que va paralela a las calles Segre y Ter, desde la C-51 hasta los dep\u00f3sitos de agua del primer pol\u00edgono.<\/li><li>El segundo pol\u00edgono de Can Gordei: toda la franja.<\/li><li>L\u2019Esplai: una peque\u00f1a zona que queda pendiente en el barranco del quadrell (paralelo a la calle del Foix) y una franja de entre 20 y 40 metros de anchura que queda en l\u2019Esplai, paralela en la calle Francisco de Goya y la carretera de Mas Arbon\u00e8s.<\/li><\/ul>\n\n\n\n<p>Estos trabajos cuentan con una subvenci\u00f3n de 9.594\u20ac del Departamento de Ganader\u00eda, Pesca, Alimentaci\u00f3n y Medio Natural de la Generalitat de Catalu\u00f1a para el tratamiento de la vegetaci\u00f3n en urbanizaciones y n\u00facleos de poblaci\u00f3n afectados por la Ley 5\/2003, de 22 de abril, correspondientes al 2022.<\/p>\n","protected":false},"excerpt":{"rendered":"<p>L\u2019alcaldessa de la Bisbal del Pened\u00e8s, Agn\u00e8s Ferr\u00e9, ha signat un Decret d\u2019alcaldia aquest dimecres 8 de juny per aprovar un contracte menor amb l\u2019empresa AgroServeis Catalunya SCCP, per un &hellip; <a href=\"https:\/\/bisbalpenedes.com\/web\/2022\/06\/09\/saprova-un-contracte-per-un-import-de-33-68640e-per-finalitzar-les-franges-forestals-de-can-gordei-i-lesplai\/\" class=\"more-link\">Read More<\/a><\/p>\n","protected":false},"author":4,"featured_media":22160,"comment_status":"closed","ping_status":"closed","sticky":false,"template":"","format":"standard","meta":[],"categories":[2057,32,8],"tags":[459,5167,5020,393,220,404],"_links":{"self":[{"href":"https:\/\/bisbalpenedes.com\/web\/wp-json\/wp\/v2\/posts\/22159"}],"collection":[{"href":"https:\/\/bisbalpenedes.com\/web\/wp-json\/wp\/v2\/posts"}],"about":[{"href":"https:\/\/bisbalpenedes.com\/web\/wp-json\/wp\/v2\/types\/post"}],"author":[{"embeddable":true,"href":"https:\/\/bisbalpenedes.com\/web\/wp-json\/wp\/v2\/users\/4"}],"replies":[{"embeddable":true,"href":"https:\/\/bisbalpenedes.com\/web\/wp-json\/wp\/v2\/comments?post=22159"}],"version-history":[{"count":3,"href":"https:\/\/bisbalpenedes.com\/web\/wp-json\/wp\/v2\/posts\/22159\/revisions"}],"predecessor-version":[{"id":22166,"href":"https:\/\/bisbalpenedes.com\/web\/wp-json\/wp\/v2\/posts\/22159\/revisions\/22166"}],"wp:featuredmedia":[{"embeddable":true,"href":"https:\/\/bisbalpenedes.com\/web\/wp-json\/wp\/v2\/media\/22160"}],"wp:attachment":[{"href":"https:\/\/bisbalpenedes.com\/web\/wp-json\/wp\/v2\/media?parent=22159"}],"wp:term":[{"taxonomy":"category","embeddable":true,"href":"https:\/\/bisbalpenedes.com\/web\/wp-json\/wp\/v2\/categories?post=22159"},{"taxonomy":"post_tag","embeddable":true,"href":"https:\/\/bisbalpenedes.com\/web\/wp-json\/wp\/v2\/tags?post=22159"}],"curies":[{"name":"wp","href":"https:\/\/api.w.org\/{rel}","templated":true}]}}