{"id":22156,"date":"2022-06-09T07:05:24","date_gmt":"2022-06-09T05:05:24","guid":{"rendered":"https:\/\/bisbalpenedes.com\/web\/?p=22156"},"modified":"2022-06-09T07:05:24","modified_gmt":"2022-06-09T05:05:24","slug":"el-proper-diumenge-12-de-juny-a-les-18h-podreu-gaudir-de-la-representacio-de-lobra-alicia-alicia-alicia-a-la-societat","status":"publish","type":"post","link":"https:\/\/bisbalpenedes.com\/web\/2022\/06\/09\/el-proper-diumenge-12-de-juny-a-les-18h-podreu-gaudir-de-la-representacio-de-lobra-alicia-alicia-alicia-a-la-societat\/","title":{"rendered":"El proper diumenge 12 de juny, a les 18h, podreu gaudir de la representaci\u00f3 de l&#8217;obra &#8220;Al\u00edcia, Al\u00edcia, Al\u00edcia&#8221; a la Societat"},"content":{"rendered":"\n<p>El proper <strong>diumenge 12 de juny, a les 18h,<\/strong> podreu gaudir de la representaci\u00f3 de l&#8217;obra &#8220;Al\u00edcia, Al\u00edcia, Al\u00edcia&#8221; a la Societat Cultural i Recreativa Bisbalenca, a c\u00e0rrec de l&#8217;elenc de Teatre Espai. Es tracta d&#8217;una versi\u00f3 lliure de l&#8217;obra &#8220;Al\u00edcia al pa\u00eds de les meravelles&#8221;. L&#8217;entrada ser\u00e0 lliure i l&#8217;acte l&#8217;organitza la Societat.<\/p>\n\n\n\n<hr class=\"wp-block-separator has-alpha-channel-opacity\"\/>\n\n\n\n<p>El pr\u00f3ximo <strong>domingo 12 de junio, a las 18h,<\/strong> podr\u00e9is disfrutar de la representaci\u00f3n de la obra &#8220;Al\u00edcia, Al\u00edcia, Al\u00edcia&#8221; en la Societat Cultural i Recreativa Bisbalenca, a cargo del elenco de Teatre Espai. Se trata de una versi\u00f3n libre de la obra &#8220;Alicia en el pa\u00eds de las maravillas&#8221;. La entrada ser\u00e1 libre y el acto lo organiza la Societat.<\/p>\n","protected":false},"excerpt":{"rendered":"<p>El proper diumenge 12 de juny, a les 18h, podreu gaudir de la representaci\u00f3 de l&#8217;obra &#8220;Al\u00edcia, Al\u00edcia, Al\u00edcia&#8221; a la Societat Cultural i Recreativa Bisbalenca, a c\u00e0rrec de l&#8217;elenc &hellip; <a href=\"https:\/\/bisbalpenedes.com\/web\/2022\/06\/09\/el-proper-diumenge-12-de-juny-a-les-18h-podreu-gaudir-de-la-representacio-de-lobra-alicia-alicia-alicia-a-la-societat\/\" class=\"more-link\">Read More<\/a><\/p>\n","protected":false},"author":4,"featured_media":22157,"comment_status":"closed","ping_status":"closed","sticky":false,"template":"","format":"standard","meta":[],"categories":[2942,13,8],"tags":[],"_links":{"self":[{"href":"https:\/\/bisbalpenedes.com\/web\/wp-json\/wp\/v2\/posts\/22156"}],"collection":[{"href":"https:\/\/bisbalpenedes.com\/web\/wp-json\/wp\/v2\/posts"}],"about":[{"href":"https:\/\/bisbalpenedes.com\/web\/wp-json\/wp\/v2\/types\/post"}],"author":[{"embeddable":true,"href":"https:\/\/bisbalpenedes.com\/web\/wp-json\/wp\/v2\/users\/4"}],"replies":[{"embeddable":true,"href":"https:\/\/bisbalpenedes.com\/web\/wp-json\/wp\/v2\/comments?post=22156"}],"version-history":[{"count":1,"href":"https:\/\/bisbalpenedes.com\/web\/wp-json\/wp\/v2\/posts\/22156\/revisions"}],"predecessor-version":[{"id":22158,"href":"https:\/\/bisbalpenedes.com\/web\/wp-json\/wp\/v2\/posts\/22156\/revisions\/22158"}],"wp:featuredmedia":[{"embeddable":true,"href":"https:\/\/bisbalpenedes.com\/web\/wp-json\/wp\/v2\/media\/22157"}],"wp:attachment":[{"href":"https:\/\/bisbalpenedes.com\/web\/wp-json\/wp\/v2\/media?parent=22156"}],"wp:term":[{"taxonomy":"category","embeddable":true,"href":"https:\/\/bisbalpenedes.com\/web\/wp-json\/wp\/v2\/categories?post=22156"},{"taxonomy":"post_tag","embeddable":true,"href":"https:\/\/bisbalpenedes.com\/web\/wp-json\/wp\/v2\/tags?post=22156"}],"curies":[{"name":"wp","href":"https:\/\/api.w.org\/{rel}","templated":true}]}}