{"id":22151,"date":"2022-06-08T11:53:33","date_gmt":"2022-06-08T09:53:33","guid":{"rendered":"https:\/\/bisbalpenedes.com\/web\/?p=22151"},"modified":"2022-06-08T11:59:01","modified_gmt":"2022-06-08T09:59:01","slug":"el-diumenge-19-de-juny-a-les-20h-podreu-veure-lobra-la-casa-de-bernarda-alba-a-la-societat-a-carrec-de-la-companyia-calafellenca-la-k-mama","status":"publish","type":"post","link":"https:\/\/bisbalpenedes.com\/web\/2022\/06\/08\/el-diumenge-19-de-juny-a-les-20h-podreu-veure-lobra-la-casa-de-bernarda-alba-a-la-societat-a-carrec-de-la-companyia-calafellenca-la-k-mama\/","title":{"rendered":"El diumenge 19 de juny a les 20h podreu veure l&#8217;obra &#8220;La Casa de Bernarda Alba&#8221; a la Societat a c\u00e0rrec de la companyia calafellenca La K-mama"},"content":{"rendered":"\n<p>La hist\u00f2rica companyia calafellenca La K-mama representar\u00e0 &#8220;La Casa de Bernarda Alba&#8221; a la Societat Cultural i Recreativa Bisbalenca amb motiu de l&#8217;Any Lorca.<br>Podreu veure l&#8217;obra el proper <strong>diumenge 19 de juny, a les 20h.<\/strong><\/p>\n\n\n\n<p><br>Important: l&#8217;entrada \u00e9s lliure i les portes es tancaran 5 minuts abans de la representaci\u00f3, per tant, us recomanem que arribeu amb temps a la representaci\u00f3.<\/p>\n\n\n\n<hr class=\"wp-block-separator has-alpha-channel-opacity\"\/>\n\n\n\n<p><br>La hist\u00f3rica compa\u00f1\u00eda de Calafell La K-mama representar\u00e1 &#8220;la Casa de Bernarda Alba&#8221; en la Societat Cultural i Recreativa Bisbalenca con motivo del A\u00f1o Lorca.<br>Podr\u00e9is ver la obra el pr\u00f3ximo <strong>domingo 19 de junio, a las 20h.<\/strong><\/p>\n\n\n\n<p>Importante: la entrada es libre y las puertas se cerrar\u00e1n 5 minutos antes de la representaci\u00f3n, por tanto, os recomendamos que llegu\u00e9is con tiempo a la representaci\u00f3n.<\/p>\n","protected":false},"excerpt":{"rendered":"<p>La hist\u00f2rica companyia calafellenca La K-mama representar\u00e0 &#8220;La Casa de Bernarda Alba&#8221; a la Societat Cultural i Recreativa Bisbalenca amb motiu de l&#8217;Any Lorca.Podreu veure l&#8217;obra el proper diumenge 19 &hellip; <a href=\"https:\/\/bisbalpenedes.com\/web\/2022\/06\/08\/el-diumenge-19-de-juny-a-les-20h-podreu-veure-lobra-la-casa-de-bernarda-alba-a-la-societat-a-carrec-de-la-companyia-calafellenca-la-k-mama\/\" class=\"more-link\">Read More<\/a><\/p>\n","protected":false},"author":4,"featured_media":22152,"comment_status":"closed","ping_status":"closed","sticky":false,"template":"","format":"standard","meta":[],"categories":[2942,13,8],"tags":[459,2069,393,5275,1374,1245,2776,285],"_links":{"self":[{"href":"https:\/\/bisbalpenedes.com\/web\/wp-json\/wp\/v2\/posts\/22151"}],"collection":[{"href":"https:\/\/bisbalpenedes.com\/web\/wp-json\/wp\/v2\/posts"}],"about":[{"href":"https:\/\/bisbalpenedes.com\/web\/wp-json\/wp\/v2\/types\/post"}],"author":[{"embeddable":true,"href":"https:\/\/bisbalpenedes.com\/web\/wp-json\/wp\/v2\/users\/4"}],"replies":[{"embeddable":true,"href":"https:\/\/bisbalpenedes.com\/web\/wp-json\/wp\/v2\/comments?post=22151"}],"version-history":[{"count":2,"href":"https:\/\/bisbalpenedes.com\/web\/wp-json\/wp\/v2\/posts\/22151\/revisions"}],"predecessor-version":[{"id":22154,"href":"https:\/\/bisbalpenedes.com\/web\/wp-json\/wp\/v2\/posts\/22151\/revisions\/22154"}],"wp:featuredmedia":[{"embeddable":true,"href":"https:\/\/bisbalpenedes.com\/web\/wp-json\/wp\/v2\/media\/22152"}],"wp:attachment":[{"href":"https:\/\/bisbalpenedes.com\/web\/wp-json\/wp\/v2\/media?parent=22151"}],"wp:term":[{"taxonomy":"category","embeddable":true,"href":"https:\/\/bisbalpenedes.com\/web\/wp-json\/wp\/v2\/categories?post=22151"},{"taxonomy":"post_tag","embeddable":true,"href":"https:\/\/bisbalpenedes.com\/web\/wp-json\/wp\/v2\/tags?post=22151"}],"curies":[{"name":"wp","href":"https:\/\/api.w.org\/{rel}","templated":true}]}}