{"id":22137,"date":"2022-06-08T08:01:19","date_gmt":"2022-06-08T06:01:19","guid":{"rendered":"https:\/\/bisbalpenedes.com\/web\/?p=22137"},"modified":"2022-06-08T08:01:19","modified_gmt":"2022-06-08T06:01:19","slug":"nova-formacio-100-subvencionada-a-la-bisbal-del-penedes-programacio-neurolinguistica","status":"publish","type":"post","link":"https:\/\/bisbalpenedes.com\/web\/2022\/06\/08\/nova-formacio-100-subvencionada-a-la-bisbal-del-penedes-programacio-neurolinguistica\/","title":{"rendered":"Nova formaci\u00f3 100% subvencionada a la Bisbal del Pened\u00e8s: Programaci\u00f3 Neuroling\u00fc\u00edstica"},"content":{"rendered":"\n<p>Nova formaci\u00f3 100% subvencionada a la Bisbal del Pened\u00e8s<\/p>\n\n\n\n<p>Curs de Programaci\u00f3 Neuroling\u00fc\u00edstica (PNL) amb la <a href=\"https:\/\/www.facebook.com\/cambratarragona\/?__cft__[0]=AZVqNMd8PUBbOZy1vCc2YFwWf8JovZaz3rj7bLF2iHOf4gv90rPM2D4UlbkNLAas7CU0EwXBWWhb5Om6FodsWY8Q4SFeOB3poCKpZ26gVM6yLMWfsx7VLFyqALY9pAscSkk&amp;__tn__=kK-R\">Cambra de Tarragona<\/a><br><br>Preinscripcions: <a rel=\"noreferrer noopener\" href=\"https:\/\/bisbalpenedes.com\/web\/formacio\/\" target=\"_blank\">bisbalpenedes.com<\/a><a rel=\"noreferrer noopener\" href=\"https:\/\/bisbalpenedes.com\/web\/formacio\/?fbclid=IwAR0-L62M9L9r-OZWxpxSE8e7-ErAVLrjr819qVYGWPyPe6MXPKE0HHQBDhY\" target=\"_blank\"><\/a><\/p>\n\n\n\n<hr class=\"wp-block-separator has-alpha-channel-opacity\"\/>\n\n\n\n<p>Nueva formaci\u00f3n 100% subvencionada en la Bisbal del Pened\u00e8s.<\/p>\n\n\n\n<p>Curso de programaci\u00f3n Neuroling\u00fc\u00edstica (PNL) con la Cambra de Comer\u00e7 de Tarragona<\/p>\n\n\n\n<p>Preinscripciones: <a href=\"https:\/\/bisbalpenedes.com\/web\/formacio\/?fbclid=IwAR0Qjbosep68GkH2zFNlvrUajKNAogGT1GAYxN5o2ll2SHM-tmf9_BKnk5c\" rel=\"noreferrer noopener\" target=\"_blank\">https:\/\/bisbalpenedes.com\/web\/formacio\/<\/a><\/p>\n","protected":false},"excerpt":{"rendered":"<p>Nova formaci\u00f3 100% subvencionada a la Bisbal del Pened\u00e8s Curs de Programaci\u00f3 Neuroling\u00fc\u00edstica (PNL) amb la Cambra de Tarragona Preinscripcions: bisbalpenedes.com Nueva formaci\u00f3n 100% subvencionada en la Bisbal del Pened\u00e8s. &hellip; <a href=\"https:\/\/bisbalpenedes.com\/web\/2022\/06\/08\/nova-formacio-100-subvencionada-a-la-bisbal-del-penedes-programacio-neurolinguistica\/\" class=\"more-link\">Read More<\/a><\/p>\n","protected":false},"author":4,"featured_media":22138,"comment_status":"closed","ping_status":"closed","sticky":false,"template":"","format":"standard","meta":[],"categories":[8,9],"tags":[459,1251,4127,62,12,393,5316,5315,271],"_links":{"self":[{"href":"https:\/\/bisbalpenedes.com\/web\/wp-json\/wp\/v2\/posts\/22137"}],"collection":[{"href":"https:\/\/bisbalpenedes.com\/web\/wp-json\/wp\/v2\/posts"}],"about":[{"href":"https:\/\/bisbalpenedes.com\/web\/wp-json\/wp\/v2\/types\/post"}],"author":[{"embeddable":true,"href":"https:\/\/bisbalpenedes.com\/web\/wp-json\/wp\/v2\/users\/4"}],"replies":[{"embeddable":true,"href":"https:\/\/bisbalpenedes.com\/web\/wp-json\/wp\/v2\/comments?post=22137"}],"version-history":[{"count":1,"href":"https:\/\/bisbalpenedes.com\/web\/wp-json\/wp\/v2\/posts\/22137\/revisions"}],"predecessor-version":[{"id":22139,"href":"https:\/\/bisbalpenedes.com\/web\/wp-json\/wp\/v2\/posts\/22137\/revisions\/22139"}],"wp:featuredmedia":[{"embeddable":true,"href":"https:\/\/bisbalpenedes.com\/web\/wp-json\/wp\/v2\/media\/22138"}],"wp:attachment":[{"href":"https:\/\/bisbalpenedes.com\/web\/wp-json\/wp\/v2\/media?parent=22137"}],"wp:term":[{"taxonomy":"category","embeddable":true,"href":"https:\/\/bisbalpenedes.com\/web\/wp-json\/wp\/v2\/categories?post=22137"},{"taxonomy":"post_tag","embeddable":true,"href":"https:\/\/bisbalpenedes.com\/web\/wp-json\/wp\/v2\/tags?post=22137"}],"curies":[{"name":"wp","href":"https:\/\/api.w.org\/{rel}","templated":true}]}}