{"id":22130,"date":"2022-06-08T07:35:10","date_gmt":"2022-06-08T05:35:10","guid":{"rendered":"https:\/\/bisbalpenedes.com\/web\/?p=22130"},"modified":"2022-06-08T07:35:10","modified_gmt":"2022-06-08T05:35:10","slug":"lajuntament-tira-endavant-els-treballs-daplanament-i-neteja-de-la-parcella-municipal-del-costat-del-local-social-de-la-miralba","status":"publish","type":"post","link":"https:\/\/bisbalpenedes.com\/web\/2022\/06\/08\/lajuntament-tira-endavant-els-treballs-daplanament-i-neteja-de-la-parcella-municipal-del-costat-del-local-social-de-la-miralba\/","title":{"rendered":"L&#8217;Ajuntament tira endavant els treballs d&#8217;aplanament i neteja de la parcel\u00b7la municipal del costat del local social de La Miralba"},"content":{"rendered":"\n<p>Aquest dimarts 7 de juny han comen\u00e7at els treballs de desbrossament, retirada d&#8217;arbres i aplanament de la parcel\u00b7la del carrer Gladiol que est\u00e0 ubicada al costat del local social de la Miralba. Aquest terreny \u00e9s de propietat municipal i, el 2021, l&#8217;Ajuntament va enderrocar la masia, ja que estava en mal estat de conservaci\u00f3.<\/p>\n\n\n\n<p>L&#8217;alcaldessa de la Bisbal del Pened\u00e8s i responsable de l&#8217;\u00e0rea d&#8217;Urbanisme, Agn\u00e8s Ferr\u00e9, ha explicat que &#8220;volem fer un projecte d&#8217;espai d&#8217;oci i esport per a aquesta parcel\u00b7la, per\u00f2 mentrestant, deixem l&#8217;espai net i sense herba perqu\u00e8 es pugui utilitzar tant des de l&#8217;associaci\u00f3 de ve\u00efns com per a fer actes municipals, ja que ara el local social ja est\u00e0 obert&#8221;.<\/p>\n\n\n\n<p>Aquesta actuaci\u00f3 t\u00e9 un cost de 4.281,41\u20ac (IVA no incl\u00f2s) i va a c\u00e0rrec de l&#8217;empresa Opera Catalonia SLU.<\/p>\n\n\n\n<hr class=\"wp-block-separator has-alpha-channel-opacity\"\/>\n\n\n\n<p>Este martes 7 de junio han empezado los trabajos de desbroce, retirada de \u00e1rboles y aplanamiento de la parcela de la calle Gladiol que est\u00e1 ubicada al lado del local social de la Miralba. Este terreno es de propiedad municipal y, en el 2021, el Ayuntamiento derrib\u00f3 la mas\u00eda, ya que estaba en mal estado de conservaci\u00f3n.<\/p>\n\n\n\n<p>La alcaldesa de la Bisbal del Pened\u00e8s y responsable del \u00e1rea de Urbanismo, Agn\u00e8s Ferr\u00e9, ha explicado que &#8220;queremos hacer un proyecto de espacio de ocio y deporte para esta parcela, pero mientras, dejamos el espacio limpio y sin hierba para que se pueda utilizar tanto desde la asociaci\u00f3n de vecinos como para hacer actos municipales, ya que ahora el local social ya est\u00e1 abierto&#8221;.<\/p>\n\n\n\n<p>Esta actuaci\u00f3n tiene un coste de 4.281,41\u20ac (IVA no incluido) y va a cargo de la empresa Opera Catalonia SLU.<\/p>\n","protected":false},"excerpt":{"rendered":"<p>Aquest dimarts 7 de juny han comen\u00e7at els treballs de desbrossament, retirada d&#8217;arbres i aplanament de la parcel\u00b7la del carrer Gladiol que est\u00e0 ubicada al costat del local social de &hellip; <a href=\"https:\/\/bisbalpenedes.com\/web\/2022\/06\/08\/lajuntament-tira-endavant-els-treballs-daplanament-i-neteja-de-la-parcella-municipal-del-costat-del-local-social-de-la-miralba\/\" class=\"more-link\">Read More<\/a><\/p>\n","protected":false},"author":4,"featured_media":22131,"comment_status":"closed","ping_status":"closed","sticky":false,"template":"","format":"standard","meta":[],"categories":[4287,8,15],"tags":[230,1080,3883,5313,246,247,5314,574],"_links":{"self":[{"href":"https:\/\/bisbalpenedes.com\/web\/wp-json\/wp\/v2\/posts\/22130"}],"collection":[{"href":"https:\/\/bisbalpenedes.com\/web\/wp-json\/wp\/v2\/posts"}],"about":[{"href":"https:\/\/bisbalpenedes.com\/web\/wp-json\/wp\/v2\/types\/post"}],"author":[{"embeddable":true,"href":"https:\/\/bisbalpenedes.com\/web\/wp-json\/wp\/v2\/users\/4"}],"replies":[{"embeddable":true,"href":"https:\/\/bisbalpenedes.com\/web\/wp-json\/wp\/v2\/comments?post=22130"}],"version-history":[{"count":4,"href":"https:\/\/bisbalpenedes.com\/web\/wp-json\/wp\/v2\/posts\/22130\/revisions"}],"predecessor-version":[{"id":22135,"href":"https:\/\/bisbalpenedes.com\/web\/wp-json\/wp\/v2\/posts\/22130\/revisions\/22135"}],"wp:featuredmedia":[{"embeddable":true,"href":"https:\/\/bisbalpenedes.com\/web\/wp-json\/wp\/v2\/media\/22131"}],"wp:attachment":[{"href":"https:\/\/bisbalpenedes.com\/web\/wp-json\/wp\/v2\/media?parent=22130"}],"wp:term":[{"taxonomy":"category","embeddable":true,"href":"https:\/\/bisbalpenedes.com\/web\/wp-json\/wp\/v2\/categories?post=22130"},{"taxonomy":"post_tag","embeddable":true,"href":"https:\/\/bisbalpenedes.com\/web\/wp-json\/wp\/v2\/tags?post=22130"}],"curies":[{"name":"wp","href":"https:\/\/api.w.org\/{rel}","templated":true}]}}