{"id":22115,"date":"2022-06-08T07:00:00","date_gmt":"2022-06-08T05:00:00","guid":{"rendered":"https:\/\/bisbalpenedes.com\/web\/?p=22115"},"modified":"2022-06-07T13:20:17","modified_gmt":"2022-06-07T11:20:17","slug":"59-bisbalencs-i-bisbalenques-han-presentat-propostes-als-pressupostos-participatius-2022","status":"publish","type":"post","link":"https:\/\/bisbalpenedes.com\/web\/2022\/06\/08\/59-bisbalencs-i-bisbalenques-han-presentat-propostes-als-pressupostos-participatius-2022\/","title":{"rendered":"59 bisbalencs i bisbalenques han presentat propostes als pressupostos participatius 2022"},"content":{"rendered":"\n<p>Del 16 al 31 de maig s&#8217;ha dut a terme la consulta p\u00fablica, a trav\u00e9s de la p\u00e0gina web de l&#8217;Ajuntament, perqu\u00e8 les persones que ho desitgessin poguessin participar plantejant propostes relacionades amb millores i projectes d&#8217;inversi\u00f3 per dur a terme al municipi. Durant aquest termini, un total de 59 ve\u00efns i ve\u00efnes ha presentat propostes que, durant aquest mes de juny, es valoraran.<\/p>\n\n\n\n<p>Despr\u00e9s, es prepararan un m\u00e0xim de 5 propostes finalistes per a cada nucli i, perqu\u00e8 els ve\u00efns les puguin votar, es repartir\u00e0 una cartolina per les cases (amb les propostes d&#8217;aquell barri). Els ve\u00efns que vulguin votar les propostes hauran d&#8217;adre\u00e7ar-se, presencialment, als llocs (i dies) que publicarem a mitjans d&#8217;aquest mes de juny a trav\u00e9s de les vies de comunicaci\u00f3 habituals de l&#8217;Ajuntament.<\/p>\n\n\n\n<p>Durant el mes de setembre es faran p\u00fabliques les propostes m\u00e9s votades i, aquestes, s&#8217;executaran entre els mesos d&#8217;octubre i desembre.<\/p>\n\n\n\n<p>Des de l&#8217;equip de govern agra\u00efm la participaci\u00f3 dels 59 ve\u00efns i ve\u00efnes que han fet les seves propostes.<\/p>\n\n\n\n<hr class=\"wp-block-separator has-alpha-channel-opacity\"\/>\n\n\n\n<p>Del 16 al 31 de mayo se ha llevado a cabo la consulta p\u00fablica, a trav\u00e9s de la p\u00e1gina web del Ayuntamiento, para que las personas que lo deseasen pudiesen participar planteando propuestas relacionadas con mejoras y proyectos de inversi\u00f3n para llevar a cabo en el municipio. Durante este plazo, un total de 59 vecinos y vecinas han presentado propuestas que, durante este mes de junio, se valorar\u00e1n.<\/p>\n\n\n\n<p>Despu\u00e9s, se preparar\u00e1n un m\u00e1ximo de 5 propuestas finalistas para cada n\u00facleo y, para que los vecinos las puedan votar, se repartir\u00e1 una cartulina por las casas (con las propuestas de aquel barrio). Los vecinos que quieran votar las propuestas tendr\u00e1n que dirigirse, presencialmente, a los lugares (y d\u00edas) que publicaremos a mediados de este mes de junio a trav\u00e9s de las v\u00edas de comunicaci\u00f3n habituales del Ayuntamiento.<\/p>\n\n\n\n<p>Durante el mes de septiembre se har\u00e1n p\u00fablicas las propuestas m\u00e1s votadas y, estas, se ejecutar\u00e1n entre los meses de octubre y diciembre.<\/p>\n\n\n\n<p>Desde el equipo de gobierno agradecemos la participaci\u00f3n de los 59 vecinos y vecinas que han realizado sus propuestas.<\/p>\n","protected":false},"excerpt":{"rendered":"<p>Del 16 al 31 de maig s&#8217;ha dut a terme la consulta p\u00fablica, a trav\u00e9s de la p\u00e0gina web de l&#8217;Ajuntament, perqu\u00e8 les persones que ho desitgessin poguessin participar plantejant &hellip; <a href=\"https:\/\/bisbalpenedes.com\/web\/2022\/06\/08\/59-bisbalencs-i-bisbalenques-han-presentat-propostes-als-pressupostos-participatius-2022\/\" class=\"more-link\">Read More<\/a><\/p>\n","protected":false},"author":4,"featured_media":22116,"comment_status":"closed","ping_status":"closed","sticky":false,"template":"","format":"standard","meta":[],"categories":[3835,8],"tags":[393,1048,980,282],"_links":{"self":[{"href":"https:\/\/bisbalpenedes.com\/web\/wp-json\/wp\/v2\/posts\/22115"}],"collection":[{"href":"https:\/\/bisbalpenedes.com\/web\/wp-json\/wp\/v2\/posts"}],"about":[{"href":"https:\/\/bisbalpenedes.com\/web\/wp-json\/wp\/v2\/types\/post"}],"author":[{"embeddable":true,"href":"https:\/\/bisbalpenedes.com\/web\/wp-json\/wp\/v2\/users\/4"}],"replies":[{"embeddable":true,"href":"https:\/\/bisbalpenedes.com\/web\/wp-json\/wp\/v2\/comments?post=22115"}],"version-history":[{"count":2,"href":"https:\/\/bisbalpenedes.com\/web\/wp-json\/wp\/v2\/posts\/22115\/revisions"}],"predecessor-version":[{"id":22119,"href":"https:\/\/bisbalpenedes.com\/web\/wp-json\/wp\/v2\/posts\/22115\/revisions\/22119"}],"wp:featuredmedia":[{"embeddable":true,"href":"https:\/\/bisbalpenedes.com\/web\/wp-json\/wp\/v2\/media\/22116"}],"wp:attachment":[{"href":"https:\/\/bisbalpenedes.com\/web\/wp-json\/wp\/v2\/media?parent=22115"}],"wp:term":[{"taxonomy":"category","embeddable":true,"href":"https:\/\/bisbalpenedes.com\/web\/wp-json\/wp\/v2\/categories?post=22115"},{"taxonomy":"post_tag","embeddable":true,"href":"https:\/\/bisbalpenedes.com\/web\/wp-json\/wp\/v2\/tags?post=22115"}],"curies":[{"name":"wp","href":"https:\/\/api.w.org\/{rel}","templated":true}]}}