{"id":22095,"date":"2022-06-04T09:29:15","date_gmt":"2022-06-04T07:29:15","guid":{"rendered":"https:\/\/bisbalpenedes.com\/web\/?p=22095"},"modified":"2022-06-04T09:54:58","modified_gmt":"2022-06-04T07:54:58","slug":"saprova-la-justificacio-i-lultim-pagament-del-conveni-amb-el-ball-de-diables-de-la-bisbal-del-penedes-de-lany-2021","status":"publish","type":"post","link":"https:\/\/bisbalpenedes.com\/web\/2022\/06\/04\/saprova-la-justificacio-i-lultim-pagament-del-conveni-amb-el-ball-de-diables-de-la-bisbal-del-penedes-de-lany-2021\/","title":{"rendered":"S\u2019aprova la justificaci\u00f3 i l\u2019\u00faltim pagament del conveni amb el Ball de Diables de La Bisbal del Pened\u00e8s de l\u2019any 2021"},"content":{"rendered":"\n<p>La Junta de Govern del 30 de maig de 2022 ha aprovat la justificaci\u00f3 del conveni amb el Ball de Diables de la Bisbal del Pened\u00e8s per a l\u2019any 2021 i el darrer pagament del conveni, per un import de 180,45\u20ac.<\/p>\n\n\n\n<p>L\u2019agost de 2021 es va aprovar un conveni amb el Ball de Diables de la Bisbal del Pened\u00e8s per a l\u2019any 2021 per un import de 15.000\u20ac, per dur a terme el correfoc, el correfoc infantil i el castell de focs de la Festa Major, aix\u00ed com per a material divers per dur a terme les seves activitats. En el moment de l\u2019aprovaci\u00f3 ja es va fer un primer pagament per un import de 13.000\u20ac i ara la Junta de Govern ha aprovat, a petici\u00f3 de la Regidoria de Cultura, la justificaci\u00f3 del conveni per un import de 13.180,45\u20ac i el segon pagament del conveni, per un import de 180,45\u20ac. Des de la Regidoria de Cultura ja s\u2019est\u00e0 treballant en el conveni per a aquest 2022.<\/p>\n\n\n\n<hr class=\"wp-block-separator has-alpha-channel-opacity\"\/>\n\n\n\n<figure class=\"wp-block-image size-large\"><img loading=\"lazy\" width=\"1024\" height=\"683\" src=\"https:\/\/bisbalpenedes.com\/web\/wp-content\/uploads\/2021\/08\/conveni-diables-1024x683.jpeg\" alt=\"\" class=\"wp-image-18845\" srcset=\"https:\/\/bisbalpenedes.com\/web\/wp-content\/uploads\/2021\/08\/conveni-diables-1024x683.jpeg 1024w, https:\/\/bisbalpenedes.com\/web\/wp-content\/uploads\/2021\/08\/conveni-diables-600x400.jpeg 600w, https:\/\/bisbalpenedes.com\/web\/wp-content\/uploads\/2021\/08\/conveni-diables-300x200.jpeg 300w, https:\/\/bisbalpenedes.com\/web\/wp-content\/uploads\/2021\/08\/conveni-diables-768x512.jpeg 768w, https:\/\/bisbalpenedes.com\/web\/wp-content\/uploads\/2021\/08\/conveni-diables-1536x1024.jpeg 1536w, https:\/\/bisbalpenedes.com\/web\/wp-content\/uploads\/2021\/08\/conveni-diables-2048x1365.jpeg 2048w\" sizes=\"(max-width: 1024px) 100vw, 1024px\" \/><\/figure>\n\n\n\n<p><strong>CASTELLANO |<\/strong> La Junta de Gobierno del 30 de mayo de 2022 ha aprobado la justificaci\u00f3n del convenio con el Ball de Diables de la Bisbal del Pened\u00e8s para el a\u00f1o 2021 y el \u00faltimo pago del convenio, de 180,45\u20ac.<\/p>\n\n\n\n<p>En agosto del 2021 se aprob\u00f3 un convenio con el Ball de Diables de la Bisbal del Pened\u00e8s para el a\u00f1o 2021 por un importe de 15.000\u20ac, para llevar a cabo el correfoc, el correfoc infantil y el castillo de fuegos de la Fiesta Mayor, as\u00ed como para material diverso para llevar a cabo sus actividades. En el momento de la aprobaci\u00f3n ya se hizo un primer pago por un importe de 13.000\u20ac y ahora la Junta de Gobierno ha aprobado, a petici\u00f3n de la Concejal\u00eda de Cultura, la justificaci\u00f3n del convenio por un importe de 13.180,45\u20ac y el segundo pago del convenio, de 180,45\u20ac. Desde la Concejal\u00eda de Cultura ya se est\u00e1 trabajando en el convenio para este 2022.<\/p>\n","protected":false},"excerpt":{"rendered":"<p>La Junta de Govern del 30 de maig de 2022 ha aprovat la justificaci\u00f3 del conveni amb el Ball de Diables de la Bisbal del Pened\u00e8s per a l\u2019any 2021 &hellip; <a href=\"https:\/\/bisbalpenedes.com\/web\/2022\/06\/04\/saprova-la-justificacio-i-lultim-pagament-del-conveni-amb-el-ball-de-diables-de-la-bisbal-del-penedes-de-lany-2021\/\" class=\"more-link\">Read More<\/a><\/p>\n","protected":false},"author":4,"featured_media":22097,"comment_status":"closed","ping_status":"closed","sticky":false,"template":"","format":"standard","meta":[],"categories":[13,20,8],"tags":[459,692,440,225,393],"_links":{"self":[{"href":"https:\/\/bisbalpenedes.com\/web\/wp-json\/wp\/v2\/posts\/22095"}],"collection":[{"href":"https:\/\/bisbalpenedes.com\/web\/wp-json\/wp\/v2\/posts"}],"about":[{"href":"https:\/\/bisbalpenedes.com\/web\/wp-json\/wp\/v2\/types\/post"}],"author":[{"embeddable":true,"href":"https:\/\/bisbalpenedes.com\/web\/wp-json\/wp\/v2\/users\/4"}],"replies":[{"embeddable":true,"href":"https:\/\/bisbalpenedes.com\/web\/wp-json\/wp\/v2\/comments?post=22095"}],"version-history":[{"count":2,"href":"https:\/\/bisbalpenedes.com\/web\/wp-json\/wp\/v2\/posts\/22095\/revisions"}],"predecessor-version":[{"id":22098,"href":"https:\/\/bisbalpenedes.com\/web\/wp-json\/wp\/v2\/posts\/22095\/revisions\/22098"}],"wp:featuredmedia":[{"embeddable":true,"href":"https:\/\/bisbalpenedes.com\/web\/wp-json\/wp\/v2\/media\/22097"}],"wp:attachment":[{"href":"https:\/\/bisbalpenedes.com\/web\/wp-json\/wp\/v2\/media?parent=22095"}],"wp:term":[{"taxonomy":"category","embeddable":true,"href":"https:\/\/bisbalpenedes.com\/web\/wp-json\/wp\/v2\/categories?post=22095"},{"taxonomy":"post_tag","embeddable":true,"href":"https:\/\/bisbalpenedes.com\/web\/wp-json\/wp\/v2\/tags?post=22095"}],"curies":[{"name":"wp","href":"https:\/\/api.w.org\/{rel}","templated":true}]}}