{"id":22087,"date":"2022-06-04T09:26:39","date_gmt":"2022-06-04T07:26:39","guid":{"rendered":"https:\/\/bisbalpenedes.com\/web\/?p=22087"},"modified":"2022-06-04T09:57:39","modified_gmt":"2022-06-04T07:57:39","slug":"saprova-la-justificacio-i-el-segon-pagament-del-conveni-2021-amb-la-colla-castellera-de-la-bisbal-del-penedes","status":"publish","type":"post","link":"https:\/\/bisbalpenedes.com\/web\/2022\/06\/04\/saprova-la-justificacio-i-el-segon-pagament-del-conveni-2021-amb-la-colla-castellera-de-la-bisbal-del-penedes\/","title":{"rendered":"<strong>S\u2019aprova la justificaci\u00f3 i el segon pagament del conveni 2021 amb la Colla Castellera de La Bisbal del Pened\u00e8s<\/strong>"},"content":{"rendered":"\n<p>La Junta de Govern del 30 de maig va aprovar la justificaci\u00f3 del conveni amb la Colla Castellera La Bisbal del Pened\u00e8s (Bous) de l\u2019any 2021 i el segon pagament de l\u2019esmentat conveni.<\/p>\n\n\n\n<p>L\u2019agost de 2021 es va aprovar un conveni amb la Colla Castellera de La Bisbal del Pened\u00e8s per a l\u2019any 2021 per un import d\u201911.500\u20ac i es va aprovar un primer pagament per un import de 10.000\u20ac. Com que a comen\u00e7aments de 2022 l\u2019entitat va presentar la justificaci\u00f3 d\u2019aquest conveni, la Junta de Govern d\u2019aquest dilluns ha aprovat, a petici\u00f3 de la Regidoria de Cultura, l\u2019esmentada justificaci\u00f3 i el segon pagament per un import de 509,71\u20ac. Des de la Regidoria de Cultura s\u2019est\u00e0 treballant en el conveni per a aquest any 2022.<\/p>\n\n\n\n<figure class=\"wp-block-image size-large\"><img loading=\"lazy\" width=\"1024\" height=\"768\" src=\"https:\/\/bisbalpenedes.com\/web\/wp-content\/uploads\/2020\/07\/COLLA-CASTELLERA-DE-LA-BISBAL-BOUS-1024x768.jpg\" alt=\"\" class=\"wp-image-14169\" srcset=\"https:\/\/bisbalpenedes.com\/web\/wp-content\/uploads\/2020\/07\/COLLA-CASTELLERA-DE-LA-BISBAL-BOUS-1024x768.jpg 1024w, https:\/\/bisbalpenedes.com\/web\/wp-content\/uploads\/2020\/07\/COLLA-CASTELLERA-DE-LA-BISBAL-BOUS-600x450.jpg 600w, https:\/\/bisbalpenedes.com\/web\/wp-content\/uploads\/2020\/07\/COLLA-CASTELLERA-DE-LA-BISBAL-BOUS-300x225.jpg 300w, https:\/\/bisbalpenedes.com\/web\/wp-content\/uploads\/2020\/07\/COLLA-CASTELLERA-DE-LA-BISBAL-BOUS-768x576.jpg 768w\" sizes=\"(max-width: 1024px) 100vw, 1024px\" \/><figcaption>Fotografia amb la Colla Castellera de la Bisbal del Pened\u00e8s<\/figcaption><\/figure>\n\n\n\n<hr class=\"wp-block-separator has-alpha-channel-opacity\"\/>\n\n\n\n<p><strong>CASTELLANO |<\/strong> La Junta de Gobierno del 30 de mayo aprob\u00f3 la justificaci\u00f3n del convenio de la Colla Castellera La Bisbal del Pened\u00e8s (Bous) del a\u00f1o 2021 y el segundo pago de dicho convenio.<\/p>\n\n\n\n<p>En agosto del 2021 se aprob\u00f3 un convenio con la Colla Castellera de La Bisbal del Pened\u00e8s para el a\u00f1o 2021 por un importe de 11.500\u20ac y se aprob\u00f3 un primer pago por un importe de 10.000\u20ac. Como que a principios del 2022 la entidad present\u00f3 la justificaci\u00f3n de este convenio, la Junta de Gobierno de este lunes ha aprobado, a petici\u00f3n de la Concejal\u00eda de Cultura, dicha justificaci\u00f3n y el segundo pago por un importe de 509,71\u20ac. Desde la Concejal\u00eda de Cultura se est\u00e1 trabajando en el convenio para este a\u00f1o 2022.<\/p>\n","protected":false},"excerpt":{"rendered":"<p>La Junta de Govern del 30 de maig va aprovar la justificaci\u00f3 del conveni amb la Colla Castellera La Bisbal del Pened\u00e8s (Bous) de l\u2019any 2021 i el segon pagament &hellip; <a href=\"https:\/\/bisbalpenedes.com\/web\/2022\/06\/04\/saprova-la-justificacio-i-el-segon-pagament-del-conveni-2021-amb-la-colla-castellera-de-la-bisbal-del-penedes\/\" class=\"more-link\">Read More<\/a><\/p>\n","protected":false},"author":4,"featured_media":22101,"comment_status":"closed","ping_status":"closed","sticky":false,"template":"","format":"standard","meta":[],"categories":[13,20,8,2809],"tags":[378,4302,440,393],"_links":{"self":[{"href":"https:\/\/bisbalpenedes.com\/web\/wp-json\/wp\/v2\/posts\/22087"}],"collection":[{"href":"https:\/\/bisbalpenedes.com\/web\/wp-json\/wp\/v2\/posts"}],"about":[{"href":"https:\/\/bisbalpenedes.com\/web\/wp-json\/wp\/v2\/types\/post"}],"author":[{"embeddable":true,"href":"https:\/\/bisbalpenedes.com\/web\/wp-json\/wp\/v2\/users\/4"}],"replies":[{"embeddable":true,"href":"https:\/\/bisbalpenedes.com\/web\/wp-json\/wp\/v2\/comments?post=22087"}],"version-history":[{"count":3,"href":"https:\/\/bisbalpenedes.com\/web\/wp-json\/wp\/v2\/posts\/22087\/revisions"}],"predecessor-version":[{"id":22102,"href":"https:\/\/bisbalpenedes.com\/web\/wp-json\/wp\/v2\/posts\/22087\/revisions\/22102"}],"wp:featuredmedia":[{"embeddable":true,"href":"https:\/\/bisbalpenedes.com\/web\/wp-json\/wp\/v2\/media\/22101"}],"wp:attachment":[{"href":"https:\/\/bisbalpenedes.com\/web\/wp-json\/wp\/v2\/media?parent=22087"}],"wp:term":[{"taxonomy":"category","embeddable":true,"href":"https:\/\/bisbalpenedes.com\/web\/wp-json\/wp\/v2\/categories?post=22087"},{"taxonomy":"post_tag","embeddable":true,"href":"https:\/\/bisbalpenedes.com\/web\/wp-json\/wp\/v2\/tags?post=22087"}],"curies":[{"name":"wp","href":"https:\/\/api.w.org\/{rel}","templated":true}]}}