{"id":22084,"date":"2022-06-04T09:12:56","date_gmt":"2022-06-04T07:12:56","guid":{"rendered":"https:\/\/bisbalpenedes.com\/web\/?p=22084"},"modified":"2022-06-04T09:12:56","modified_gmt":"2022-06-04T07:12:56","slug":"saprova-la-justificacio-i-el-segon-pagament-del-conveni-pel-curs-2021-2022-amb-lampa-de-lescola-ull-de-vent","status":"publish","type":"post","link":"https:\/\/bisbalpenedes.com\/web\/2022\/06\/04\/saprova-la-justificacio-i-el-segon-pagament-del-conveni-pel-curs-2021-2022-amb-lampa-de-lescola-ull-de-vent\/","title":{"rendered":"S\u2019aprova la justificaci\u00f3 i el segon pagament del conveni pel curs 2021\/2022 amb l\u2019AMPA de l\u2019Escola Ull de Vent"},"content":{"rendered":"\n<p>La Junta de Govern del 30 de maig va aprovar, a petici\u00f3 de la Regidoria d\u2019Ensenyament, la justificaci\u00f3 del conveni amb l\u2019AMPA de l\u2019Escola Ull de Vent per un import de 28.932,57\u20ac i el segon pagament del conveni per un import de 932,57\u20ac.<\/p>\n\n\n\n<p>L\u2019octubre de 2021 es va signar un conveni per 32.000\u20ac amb l\u2019AMPA\u00a0 de l\u2019Escola Ull de Vent per a la socialitzaci\u00f3 dels llibres del curs 2021\/2022 amb l\u2019objectiu que les fam\u00edlies poguessin adquirir els llibres de l\u2019escola de forma gratu\u00efta a trav\u00e9s de l\u2019AMPA. Es va aprovar tamb\u00e9 un primer pagament de 28.000\u20ac. Com que durant els primers mesos de 2022 l\u2019AMPA ha presentat la justificaci\u00f3 del conveni, ara s\u2019ha aprovat aquesta i el segon pagament.<\/p>\n\n\n\n<hr class=\"wp-block-separator has-alpha-channel-opacity\"\/>\n\n\n\n<p><strong>CASTELLANO | <\/strong>La Junta de Gobierno del 30 de mayo aprob\u00f3, a petici\u00f3n de la Concejal\u00eda de Educaci\u00f3n, la justificaci\u00f3n del convenio con la AMPA de la Escuela Ull de Vent por un importe de 28.932,57\u20ac y el segundo pago del convenio por un importe de 932,57\u20ac.<\/p>\n\n\n\n<p>En octubre del 2021 se firm\u00f3 un convenio por 32.000\u20ac con la AMPA de la Escuela Ull de Vent para la sociabilizaci\u00f3n de los libros del curso 2021\/2022 con el objetivo de que las familias pudiesen adquirir los libros de la escuela de forma gratuita a trav\u00e9s de la AMPA. Se aprob\u00f3 tambi\u00e9n un primer pago de 28.000\u20ac. Como durante los primeros meses del 2022 la AMPA ha presentado la justificaci\u00f3n del convenio, ahora se ha aprobado esta y el segundo pago.<\/p>\n","protected":false},"excerpt":{"rendered":"<p>La Junta de Govern del 30 de maig va aprovar, a petici\u00f3 de la Regidoria d\u2019Ensenyament, la justificaci\u00f3 del conveni amb l\u2019AMPA de l\u2019Escola Ull de Vent per un import &hellip; <a href=\"https:\/\/bisbalpenedes.com\/web\/2022\/06\/04\/saprova-la-justificacio-i-el-segon-pagament-del-conveni-pel-curs-2021-2022-amb-lampa-de-lescola-ull-de-vent\/\" class=\"more-link\">Read More<\/a><\/p>\n","protected":false},"author":4,"featured_media":12684,"comment_status":"closed","ping_status":"closed","sticky":false,"template":"","format":"standard","meta":[],"categories":[16,8],"tags":[287,459,337,393,1374],"_links":{"self":[{"href":"https:\/\/bisbalpenedes.com\/web\/wp-json\/wp\/v2\/posts\/22084"}],"collection":[{"href":"https:\/\/bisbalpenedes.com\/web\/wp-json\/wp\/v2\/posts"}],"about":[{"href":"https:\/\/bisbalpenedes.com\/web\/wp-json\/wp\/v2\/types\/post"}],"author":[{"embeddable":true,"href":"https:\/\/bisbalpenedes.com\/web\/wp-json\/wp\/v2\/users\/4"}],"replies":[{"embeddable":true,"href":"https:\/\/bisbalpenedes.com\/web\/wp-json\/wp\/v2\/comments?post=22084"}],"version-history":[{"count":2,"href":"https:\/\/bisbalpenedes.com\/web\/wp-json\/wp\/v2\/posts\/22084\/revisions"}],"predecessor-version":[{"id":22086,"href":"https:\/\/bisbalpenedes.com\/web\/wp-json\/wp\/v2\/posts\/22084\/revisions\/22086"}],"wp:featuredmedia":[{"embeddable":true,"href":"https:\/\/bisbalpenedes.com\/web\/wp-json\/wp\/v2\/media\/12684"}],"wp:attachment":[{"href":"https:\/\/bisbalpenedes.com\/web\/wp-json\/wp\/v2\/media?parent=22084"}],"wp:term":[{"taxonomy":"category","embeddable":true,"href":"https:\/\/bisbalpenedes.com\/web\/wp-json\/wp\/v2\/categories?post=22084"},{"taxonomy":"post_tag","embeddable":true,"href":"https:\/\/bisbalpenedes.com\/web\/wp-json\/wp\/v2\/tags?post=22084"}],"curies":[{"name":"wp","href":"https:\/\/api.w.org\/{rel}","templated":true}]}}