{"id":22082,"date":"2022-06-04T09:10:06","date_gmt":"2022-06-04T07:10:06","guid":{"rendered":"https:\/\/bisbalpenedes.com\/web\/?p=22082"},"modified":"2022-06-04T09:10:06","modified_gmt":"2022-06-04T07:10:06","slug":"saprova-la-justificacio-i-el-segon-pagament-del-conveni-2021-amb-ladf-clot-de-bou","status":"publish","type":"post","link":"https:\/\/bisbalpenedes.com\/web\/2022\/06\/04\/saprova-la-justificacio-i-el-segon-pagament-del-conveni-2021-amb-ladf-clot-de-bou\/","title":{"rendered":"S\u2019aprova la justificaci\u00f3 i el segon pagament del conveni 2021 amb l\u2019ADF Clot de Bou"},"content":{"rendered":"\n<p>La Junta de Govern del 30 de maig de 2022 ha aprovat la justificaci\u00f3 de 4.726,17\u20ac i el segon pagament del conveni 2021 amb l\u2019ADF Clot de Bou, corresponent a un import de 226,17\u20ac.<\/p>\n\n\n\n<p>L\u2019agost de 2021 es va aprovar un conveni amb l\u2019entitat per un import de 5.000\u20ac perqu\u00e8 l\u2019ADF col\u00b7labor\u00e9s contra els incendis forestals i en el Pla d\u2019Actuaci\u00f3 Municipal. Tamb\u00e9 es va aprovar un primer pagament per un import de 4.500\u20ac. Com que a principis del 2022 es va presentar la justificaci\u00f3 del conveni 2021, ara la Junta de Govern ha aprovat aquesta justificaci\u00f3 i el segon pagament a petici\u00f3 de la Regidoria de Medi Ambient.<\/p>\n\n\n\n<hr class=\"wp-block-separator has-alpha-channel-opacity\"\/>\n\n\n\n<p><strong>CASTELLANO |<\/strong> La Junta de Gobierno del 30 de mayo de 2022 ha aprobado la justificaci\u00f3n de 4.726,17\u20ac y el segundo pago del convenio 2021 con la ADF Clot de Bou, correspondiente a un importe de 226,17\u20ac.<\/p>\n\n\n\n<p>En agosto del 2021 se aprob\u00f3 un convenio con la entidad por un importe de 5.000\u20ac para que la ADF colaborase contra los incendios forestales y en el Plan de Actuaci\u00f3n Municipal. Tambi\u00e9n se aprob\u00f3 un primer pago por un importe de 4.500\u20ac. Como que a principios del 2022 se present\u00f3 la justificaci\u00f3n del convenio 2021, ahora la Junta de Gobierno ha aprobado dicha justificaci\u00f3n y el segundo pago a petici\u00f3n de la Concejal\u00eda de Medio Ambiente.<\/p>\n","protected":false},"excerpt":{"rendered":"<p>La Junta de Govern del 30 de maig de 2022 ha aprovat la justificaci\u00f3 de 4.726,17\u20ac i el segon pagament del conveni 2021 amb l\u2019ADF Clot de Bou, corresponent a &hellip; <a href=\"https:\/\/bisbalpenedes.com\/web\/2022\/06\/04\/saprova-la-justificacio-i-el-segon-pagament-del-conveni-2021-amb-ladf-clot-de-bou\/\" class=\"more-link\">Read More<\/a><\/p>\n","protected":false},"author":4,"featured_media":20660,"comment_status":"closed","ping_status":"closed","sticky":false,"template":"","format":"standard","meta":[],"categories":[32,8],"tags":[1775,440,686,393,220,5309,5308],"_links":{"self":[{"href":"https:\/\/bisbalpenedes.com\/web\/wp-json\/wp\/v2\/posts\/22082"}],"collection":[{"href":"https:\/\/bisbalpenedes.com\/web\/wp-json\/wp\/v2\/posts"}],"about":[{"href":"https:\/\/bisbalpenedes.com\/web\/wp-json\/wp\/v2\/types\/post"}],"author":[{"embeddable":true,"href":"https:\/\/bisbalpenedes.com\/web\/wp-json\/wp\/v2\/users\/4"}],"replies":[{"embeddable":true,"href":"https:\/\/bisbalpenedes.com\/web\/wp-json\/wp\/v2\/comments?post=22082"}],"version-history":[{"count":1,"href":"https:\/\/bisbalpenedes.com\/web\/wp-json\/wp\/v2\/posts\/22082\/revisions"}],"predecessor-version":[{"id":22083,"href":"https:\/\/bisbalpenedes.com\/web\/wp-json\/wp\/v2\/posts\/22082\/revisions\/22083"}],"wp:featuredmedia":[{"embeddable":true,"href":"https:\/\/bisbalpenedes.com\/web\/wp-json\/wp\/v2\/media\/20660"}],"wp:attachment":[{"href":"https:\/\/bisbalpenedes.com\/web\/wp-json\/wp\/v2\/media?parent=22082"}],"wp:term":[{"taxonomy":"category","embeddable":true,"href":"https:\/\/bisbalpenedes.com\/web\/wp-json\/wp\/v2\/categories?post=22082"},{"taxonomy":"post_tag","embeddable":true,"href":"https:\/\/bisbalpenedes.com\/web\/wp-json\/wp\/v2\/tags?post=22082"}],"curies":[{"name":"wp","href":"https:\/\/api.w.org\/{rel}","templated":true}]}}