{"id":22077,"date":"2022-06-03T14:14:27","date_gmt":"2022-06-03T12:14:27","guid":{"rendered":"https:\/\/bisbalpenedes.com\/web\/?p=22077"},"modified":"2022-06-03T14:16:05","modified_gmt":"2022-06-03T12:16:05","slug":"lalcaldessa-agnes-ferre-ha-assistit-a-la-reunio-amb-el-conseller-dinterior-de-la-generalitat-joan-ignasi-elena-que-ha-tingut-lloc-al-consell-comarcal-del-baix-penedes-aquest-dimecres","status":"publish","type":"post","link":"https:\/\/bisbalpenedes.com\/web\/2022\/06\/03\/lalcaldessa-agnes-ferre-ha-assistit-a-la-reunio-amb-el-conseller-dinterior-de-la-generalitat-joan-ignasi-elena-que-ha-tingut-lloc-al-consell-comarcal-del-baix-penedes-aquest-dimecres\/","title":{"rendered":"L&#8217;alcaldessa Agn\u00e8s Ferr\u00e9 ha assistit a la reuni\u00f3 amb el Conseller d&#8217;Interior de la Generalitat, Joan Ignasi Elena, que ha tingut lloc al Consell Comarcal del Baix Pened\u00e8s aquest dimecres"},"content":{"rendered":"\n<p>L&#8217;alcaldessa de la Bisbal del Pened\u00e8s, Agn\u00e8s Ferr\u00e9, ha assistit a la reuni\u00f3 amb el Conseller d&#8217;Interior de la Generalitat de Catalunya, Joan Ignasi Elena, que ha tingut lloc aquest dimecres al Consell Comarcal del Baix Pened\u00e8s. Durant la reuni\u00f3, el Conseller ha anunciat l&#8217;ampliaci\u00f3 en 14 efectius de Mossos d&#8217;Esquadra permanents a la Comissaria del Vendrell, als quals s&#8217;hi sumaran els efectius previstos en el Pla de seguretat previst per fer front a l&#8217;estiu. A m\u00e9s, Elena tamb\u00e9 ha afirmat que el parc de bombers del Vendrell s&#8217;ampliar\u00e0 i passar\u00e0 a ser parc de sis a finals del 2023 i, el parc de bombers voluntaris de Sant Jaume, s&#8217;ampliar\u00e0 amb 3 nous efectius voluntaris a m\u00e9s del refor\u00e7 habitual de cara a la propera campanya d&#8217;estiu.<\/p>\n\n\n\n<p>L&#8217;alcaldessa bisbalenca considera que &#8220;<em>aquesta \u00e9s una bona not\u00edcia per a la comarca, ja que es tracta de reclamacions que fa molt i molt de temps que venim fent&#8221;<\/em>. No obstant aix\u00f2, Ferr\u00e9 considera que <em>&#8220;no nom\u00e9s volem m\u00e9s efectius de Mossos a la comarca, exigim que patrullin pels nostres carrers m\u00e9s sovint&#8221;.<\/em><\/p>\n\n\n\n<p>La reuni\u00f3 amb el conseller ha comptat amb la participaci\u00f3 dels alcaldes de la comarca aix\u00ed com amb el president del Consell Comarcal, Joan Sans; i el vicepresident, Jaume Casa\u00f1as.<\/p>\n\n\n\n<hr class=\"wp-block-separator has-alpha-channel-opacity\"\/>\n\n\n\n<p>La alcaldesa de la Bisbal del Pened\u00e8s, Agn\u00e8s Ferr\u00e9, ha asistido a la reuni\u00f3n con el <em>Conseller<\/em> de Interior de la Generalitat de Catalu\u00f1a, Joan Ignasi Elena, que ha tenido lugar este mi\u00e9rcoles en el Consell Comarcal del Baix Pened\u00e8s. Durante la reuni\u00f3n, el Conseller ha anunciado la ampliaci\u00f3n en 14 efectivos de Mossos d&#8217;Esquadra permanentes en la Comisar\u00eda del Vendrell, a los que se sumar\u00e1n los efectivos previstos en el Plan de seguridad previsto para hacer frente al verano. Adem\u00e1s, Elena tambi\u00e9n ha afirmado que el parque de bomberos del Vendrell se ampliar\u00e1 y pasar\u00e1 a ser parque de seis a finales del 2023 y, el parque de bomberos voluntarios de Sant Jaume, se ampliar\u00e1 con 3 nuevos efectivos voluntarios, adem\u00e1s del refuerzo habitual de cara a la pr\u00f3xima temporada de verano.<\/p>\n\n\n\n<p>La alcaldesa de la Bisbal considera que <em>&#8220;esta es una buena noticia para la comarca, ya que se trata de reclamaciones que hace mucho, mucho tiempo que venimos haciendo&#8221;.<\/em> No obstante, Ferr\u00e9 considera que <em>&#8220;no solamente queremos m\u00e1s efectivos de Mossos en la comarca, exigimos que patrullen por nuestras calles m\u00e1s a menudo&#8221;.<\/em><\/p>\n\n\n\n<p>La reuni\u00f3n con el conseller ha contado con la participaci\u00f3n de los alcaldes de la comarca as\u00ed como con el presidente del Consell Comarcal, Joan Sans; y el vicepresidente, Jaume Casa\u00f1as.<\/p>\n","protected":false},"excerpt":{"rendered":"<p>L&#8217;alcaldessa de la Bisbal del Pened\u00e8s, Agn\u00e8s Ferr\u00e9, ha assistit a la reuni\u00f3 amb el Conseller d&#8217;Interior de la Generalitat de Catalunya, Joan Ignasi Elena, que ha tingut lloc aquest &hellip; <a href=\"https:\/\/bisbalpenedes.com\/web\/2022\/06\/03\/lalcaldessa-agnes-ferre-ha-assistit-a-la-reunio-amb-el-conseller-dinterior-de-la-generalitat-joan-ignasi-elena-que-ha-tingut-lloc-al-consell-comarcal-del-baix-penedes-aquest-dimecres\/\" class=\"more-link\">Read More<\/a><\/p>\n","protected":false},"author":4,"featured_media":22079,"comment_status":"closed","ping_status":"closed","sticky":false,"template":"","format":"standard","meta":[],"categories":[2057,8],"tags":[],"_links":{"self":[{"href":"https:\/\/bisbalpenedes.com\/web\/wp-json\/wp\/v2\/posts\/22077"}],"collection":[{"href":"https:\/\/bisbalpenedes.com\/web\/wp-json\/wp\/v2\/posts"}],"about":[{"href":"https:\/\/bisbalpenedes.com\/web\/wp-json\/wp\/v2\/types\/post"}],"author":[{"embeddable":true,"href":"https:\/\/bisbalpenedes.com\/web\/wp-json\/wp\/v2\/users\/4"}],"replies":[{"embeddable":true,"href":"https:\/\/bisbalpenedes.com\/web\/wp-json\/wp\/v2\/comments?post=22077"}],"version-history":[{"count":2,"href":"https:\/\/bisbalpenedes.com\/web\/wp-json\/wp\/v2\/posts\/22077\/revisions"}],"predecessor-version":[{"id":22081,"href":"https:\/\/bisbalpenedes.com\/web\/wp-json\/wp\/v2\/posts\/22077\/revisions\/22081"}],"wp:featuredmedia":[{"embeddable":true,"href":"https:\/\/bisbalpenedes.com\/web\/wp-json\/wp\/v2\/media\/22079"}],"wp:attachment":[{"href":"https:\/\/bisbalpenedes.com\/web\/wp-json\/wp\/v2\/media?parent=22077"}],"wp:term":[{"taxonomy":"category","embeddable":true,"href":"https:\/\/bisbalpenedes.com\/web\/wp-json\/wp\/v2\/categories?post=22077"},{"taxonomy":"post_tag","embeddable":true,"href":"https:\/\/bisbalpenedes.com\/web\/wp-json\/wp\/v2\/tags?post=22077"}],"curies":[{"name":"wp","href":"https:\/\/api.w.org\/{rel}","templated":true}]}}