{"id":22066,"date":"2022-06-03T09:01:06","date_gmt":"2022-06-03T07:01:06","guid":{"rendered":"https:\/\/bisbalpenedes.com\/web\/?p=22066"},"modified":"2022-06-03T09:01:06","modified_gmt":"2022-06-03T07:01:06","slug":"sincorpora-un-nou-treballador-bisbalenc-a-la-brigada-municipal-en-el-marc-del-programa-treball-i-formacio","status":"publish","type":"post","link":"https:\/\/bisbalpenedes.com\/web\/2022\/06\/03\/sincorpora-un-nou-treballador-bisbalenc-a-la-brigada-municipal-en-el-marc-del-programa-treball-i-formacio\/","title":{"rendered":"S&#8217;incorpora un nou treballador bisbalenc a la brigada municipal en el marc del programa Treball i Formaci\u00f3"},"content":{"rendered":"\n<p>Aquest dimecres 1 de juny s&#8217;ha incorporat un nou treballador bisbalenc a la brigada municipal, on treballar\u00e0 durant 12 mesos com a pe\u00f3 de brigada en el marc del programa Treball i Formaci\u00f3 (TREFO).<\/p>\n\n\n\n<p>Les tasques que dur\u00e0 a terme aquest treballador en el marc d&#8217;aquesta contractaci\u00f3 s\u00f3n les seg\u00fcents: tasques d&#8217;arranjament de voreres i de la via p\u00fablica; muntatge i desmuntatge de mobiliari municipal; pintar espais p\u00fablics, superf\u00edcies petites\/mitjanes o senyalitzacions horitzontals; escombrar la via p\u00fablica; i desbrossar zones muntanyoses i carrers d&#8217;urbanitzacions del terme municipal.<\/p>\n\n\n\n<p>El contracte d&#8217;aquest treballador s&#8217;ha fet a trav\u00e9s del Consell Comarcal del Baix Pened\u00e8s que, alhora, \u00e9s qui s&#8217;ha encarregat de dur a terme el proc\u00e9s de selecci\u00f3.<\/p>\n\n\n\n<hr class=\"wp-block-separator has-alpha-channel-opacity\"\/>\n\n\n\n<p><strong>CASTELLANO |<\/strong>&nbsp;Este mi\u00e9rcoles 1 de junio se ha incorporado un nuevo trabajador bisbalense a la brigada municipal, donde trabajar\u00e1 durante 12 meses como pe\u00f3n de brigada en el marco del programa Treball i Formaci\u00f3 (TREFO).<\/p>\n\n\n\n<p>Los trabajos que llevar\u00e1 a cabo este trabajador en el marco de esta contrataci\u00f3n son los siguientes: trabajos de arreglo de aceras y de la v\u00eda p\u00fablica; montaje y desmontaje de mobiliario municipal; pintar espacios p\u00fablicos, superficies peque\u00f1as\/medianas o se\u00f1alizaciones horizontales; barrer la v\u00eda p\u00fablica; y desbrozar zonas monta\u00f1osas y calles de urbanizaciones del t\u00e9rmino municipal.<\/p>\n\n\n\n<p>El contrato de este trabajador se ha realizado a trav\u00e9s del Consell Comarcal del Baix Pened\u00e8s que, a su vez, es quien se ha encargado de llevar a cabo el proceso de selecci\u00f3n.<\/p>\n","protected":false},"excerpt":{"rendered":"<p>Aquest dimecres 1 de juny s&#8217;ha incorporat un nou treballador bisbalenc a la brigada municipal, on treballar\u00e0 durant 12 mesos com a pe\u00f3 de brigada en el marc del programa &hellip; <a href=\"https:\/\/bisbalpenedes.com\/web\/2022\/06\/03\/sincorpora-un-nou-treballador-bisbalenc-a-la-brigada-municipal-en-el-marc-del-programa-treball-i-formacio\/\" class=\"more-link\">Read More<\/a><\/p>\n","protected":false},"author":4,"featured_media":22067,"comment_status":"closed","ping_status":"closed","sticky":false,"template":"","format":"standard","meta":[],"categories":[32,8,9],"tags":[459,2462,1056,393,2742],"_links":{"self":[{"href":"https:\/\/bisbalpenedes.com\/web\/wp-json\/wp\/v2\/posts\/22066"}],"collection":[{"href":"https:\/\/bisbalpenedes.com\/web\/wp-json\/wp\/v2\/posts"}],"about":[{"href":"https:\/\/bisbalpenedes.com\/web\/wp-json\/wp\/v2\/types\/post"}],"author":[{"embeddable":true,"href":"https:\/\/bisbalpenedes.com\/web\/wp-json\/wp\/v2\/users\/4"}],"replies":[{"embeddable":true,"href":"https:\/\/bisbalpenedes.com\/web\/wp-json\/wp\/v2\/comments?post=22066"}],"version-history":[{"count":1,"href":"https:\/\/bisbalpenedes.com\/web\/wp-json\/wp\/v2\/posts\/22066\/revisions"}],"predecessor-version":[{"id":22068,"href":"https:\/\/bisbalpenedes.com\/web\/wp-json\/wp\/v2\/posts\/22066\/revisions\/22068"}],"wp:featuredmedia":[{"embeddable":true,"href":"https:\/\/bisbalpenedes.com\/web\/wp-json\/wp\/v2\/media\/22067"}],"wp:attachment":[{"href":"https:\/\/bisbalpenedes.com\/web\/wp-json\/wp\/v2\/media?parent=22066"}],"wp:term":[{"taxonomy":"category","embeddable":true,"href":"https:\/\/bisbalpenedes.com\/web\/wp-json\/wp\/v2\/categories?post=22066"},{"taxonomy":"post_tag","embeddable":true,"href":"https:\/\/bisbalpenedes.com\/web\/wp-json\/wp\/v2\/tags?post=22066"}],"curies":[{"name":"wp","href":"https:\/\/api.w.org\/{rel}","templated":true}]}}