{"id":22062,"date":"2022-06-03T08:59:09","date_gmt":"2022-06-03T06:59:09","guid":{"rendered":"https:\/\/bisbalpenedes.com\/web\/?p=22062"},"modified":"2022-06-03T08:59:09","modified_gmt":"2022-06-03T06:59:09","slug":"el-dilluns-6-de-juny-es-festiu-a-tot-catalunya","status":"publish","type":"post","link":"https:\/\/bisbalpenedes.com\/web\/2022\/06\/03\/el-dilluns-6-de-juny-es-festiu-a-tot-catalunya\/","title":{"rendered":"El dilluns 6 de juny \u00e9s festiu a tot Catalunya"},"content":{"rendered":"\n<p>L&#8217;Ajuntament de la Bisbal del Pened\u00e8s romandr\u00e0 tancat el proper dilluns 6 de juny.<\/p>\n\n\n\n<p>&#8212;<\/p>\n\n\n\n<p>El Ayuntamiento de la Bisbal del Pened\u00e8s permanecer\u00e1 cerrado el pr\u00f3ximo lunes 6 de junio.<\/p>\n","protected":false},"excerpt":{"rendered":"<p>L&#8217;Ajuntament de la Bisbal del Pened\u00e8s romandr\u00e0 tancat el proper dilluns 6 de juny. &#8212; El Ayuntamiento de la Bisbal del Pened\u00e8s permanecer\u00e1 cerrado el pr\u00f3ximo lunes 6 de junio.<\/p>\n","protected":false},"author":4,"featured_media":22064,"comment_status":"closed","ping_status":"closed","sticky":false,"template":"","format":"standard","meta":[],"categories":[1628,8],"tags":[3969,393,5305,5306],"_links":{"self":[{"href":"https:\/\/bisbalpenedes.com\/web\/wp-json\/wp\/v2\/posts\/22062"}],"collection":[{"href":"https:\/\/bisbalpenedes.com\/web\/wp-json\/wp\/v2\/posts"}],"about":[{"href":"https:\/\/bisbalpenedes.com\/web\/wp-json\/wp\/v2\/types\/post"}],"author":[{"embeddable":true,"href":"https:\/\/bisbalpenedes.com\/web\/wp-json\/wp\/v2\/users\/4"}],"replies":[{"embeddable":true,"href":"https:\/\/bisbalpenedes.com\/web\/wp-json\/wp\/v2\/comments?post=22062"}],"version-history":[{"count":1,"href":"https:\/\/bisbalpenedes.com\/web\/wp-json\/wp\/v2\/posts\/22062\/revisions"}],"predecessor-version":[{"id":22065,"href":"https:\/\/bisbalpenedes.com\/web\/wp-json\/wp\/v2\/posts\/22062\/revisions\/22065"}],"wp:featuredmedia":[{"embeddable":true,"href":"https:\/\/bisbalpenedes.com\/web\/wp-json\/wp\/v2\/media\/22064"}],"wp:attachment":[{"href":"https:\/\/bisbalpenedes.com\/web\/wp-json\/wp\/v2\/media?parent=22062"}],"wp:term":[{"taxonomy":"category","embeddable":true,"href":"https:\/\/bisbalpenedes.com\/web\/wp-json\/wp\/v2\/categories?post=22062"},{"taxonomy":"post_tag","embeddable":true,"href":"https:\/\/bisbalpenedes.com\/web\/wp-json\/wp\/v2\/tags?post=22062"}],"curies":[{"name":"wp","href":"https:\/\/api.w.org\/{rel}","templated":true}]}}