{"id":22054,"date":"2022-06-02T13:49:56","date_gmt":"2022-06-02T11:49:56","guid":{"rendered":"https:\/\/bisbalpenedes.com\/web\/?p=22054"},"modified":"2022-06-02T13:49:56","modified_gmt":"2022-06-02T11:49:56","slug":"es-licita-el-servei-de-seguretat-i-control-daccessos-per-als-actes-de-la-festa-major","status":"publish","type":"post","link":"https:\/\/bisbalpenedes.com\/web\/2022\/06\/02\/es-licita-el-servei-de-seguretat-i-control-daccessos-per-als-actes-de-la-festa-major\/","title":{"rendered":"Es licita el servei de seguretat i control d&#8217;accessos per als actes de la Festa Major"},"content":{"rendered":"\n<p>L&#8217;Ajuntament de la Bisbal del Pened\u00e8s celebra la Festa Major el 15 d&#8217;agost amb una gran diversitat d&#8217;actes al llarg d&#8217;una setmana. Amb l&#8217;objectiu de garantir la seguretat de les persones i vetllar per la protecci\u00f3 dels b\u00e9ns municipals en aquests actes, i en compliment del Decret 112\/2010, del 31 d&#8217;agost, pel qual s&#8217;aprova el Reglament d&#8217;espectacles p\u00fablics i activitats recreatives. Aquest reglament especifica que aquest servei de vigil\u00e0ncia nom\u00e9s pot ser prestat per empreses degudament inscrites al Registre Nacional de Seguretat Privada del Ministeri de l&#8217;Interior i\/o al Registre de Seguretat Privada de Catalunya, segons correspongui.<\/p>\n\n\n\n<p>El termini per presentar-se a aquesta licitaci\u00f3 finalitza el 17 de juny a les 14h.<\/p>\n\n\n\n<p>La vig\u00e8ncia de la licitaci\u00f3 \u00e9s d&#8217;un any amb dues pr\u00f2rrogues d&#8217;un any cadascuna (1+1).<\/p>\n\n\n\n<p>Es liciten dos serveis:<\/p>\n\n\n\n<ul><li><strong>Servei de vigil\u00e0ncia:<\/strong> vigil\u00e0ncia dels actes organitzats per l&#8217;Ajuntament durant els dies de la Festa Major al recinte de l&#8217;Escola Ull de Vent. Durada prevista, per any: 90 hores.<\/li><\/ul>\n\n\n\n<ul><li><strong>Servei de control d&#8217;accessos:<\/strong> control d&#8217;accessos als actes organitzats per l&#8217;Ajuntament durant els dies de la Festa Major al recinte de l&#8217;Escola Ull de Vent. Durada prevista per any: 120 hores.<\/li><\/ul>\n\n\n\n<p>L&#8217;import total de la licitaci\u00f3 \u00e9s de 4.719\u20ac (IVA incl\u00f2s) i es preveu un 20% de variaci\u00f3 per si cal realitzar algun servei extraordinari o ampliar horaris. Aquesta variaci\u00f3 del 20% tant pot ser a l&#8217;al\u00e7a com a la baixa.<\/p>\n\n\n\n<p>Podeu trobar tota la informaci\u00f3 sobre aquesta licitaci\u00f3 al perfil del contractant: <a href=\"https:\/\/contractaciopublica.gencat.cat\/ecofin_pscp\/AppJava\/notice.pscp?reqCode=viewCn&amp;idDoc=102417772&amp;lawType=\">https:\/\/contractaciopublica.gencat.cat\/ecofin_pscp\/AppJava\/notice.pscp?reqCode=viewCn&amp;idDoc=102417772&amp;lawType=<\/a><\/p>\n\n\n\n<hr class=\"wp-block-separator has-alpha-channel-opacity\"\/>\n\n\n\n<p><strong>CASTELLANO |<\/strong> El Ayuntamiento de la Bisbal del Pened\u00e8s celebra la Fiesta Mayor el 15 de agosto con una gran diversidad de actos a lo largo de una semana. Con el objetivo de garantizar la seguridad de las personas y velar por la protecci\u00f3n de los bienes municipales en estos actos, y en cumplimiento del Decreto 112\/2010, del 31 de agosto, por el cual se aprueba el Reglamento de espect\u00e1culos p\u00fablicos y actividades recreativas. Dicho reglamento especifica que este servicio de vigilancia solamente puede ser prestado por empresas debidamente inscritas en el Registro Nacional de Seguridad Privada del Ministerio del Interior y\/o en el Registro de Seguridad Privada de Catalunya, seg\u00fan corresponda.<\/p>\n\n\n\n<p>El plazo para presentarse a esta licitaci\u00f3n finaliza el 17 de junio a las 14h.<\/p>\n\n\n\n<p>La vigencia de la licitaci\u00f3n es de un a\u00f1o con dos pr\u00f3rrogas de un a\u00f1o cada una (1+1).<\/p>\n\n\n\n<p>Se licitan dos servicios:<\/p>\n\n\n\n<ul><li><strong>Servicio de vigilancia:<\/strong> vigilancia de los actos organizados por el Ayuntamiento durante los d\u00edas de la Fiesta Mayor en el recinto de la Escola Ull de Vent. Duraci\u00f3n prevista, por a\u00f1o: 90 horas.<\/li><li><strong>Servicio de control de accesos:<\/strong> control de accesos de los actos organizados por el Ayuntamiento durante los d\u00edas de la Fiesta Mayor en el recinto de la Escuela Ull de Vent. Duraci\u00f3n prevista por a\u00f1o: 120 horas.<\/li><\/ul>\n\n\n\n<p>El importe total de la licitaci\u00f3n es de 4.719\u20ac (IVA incluido) y se prev\u00e9 un 20% de variaci\u00f3n por si es necesario realizar alg\u00fan servicio extraordinario o ampliar horarios. Esta variaci\u00f3n del 20% tanto puede ser al alza como a la baja.<\/p>\n\n\n\n<p>Pod\u00e9is encontrar toda la informaci\u00f3n sobre esta licitaci\u00f3n en el perfil del contratante: <a href=\"https:\/\/contractaciopublica.gencat.cat\/ecofin_pscp\/AppJava\/notice.pscp?reqCode=viewCn&amp;idDoc=102417772&amp;lawType=\">https:\/\/contractaciopublica.gencat.cat\/ecofin_pscp\/AppJava\/notice.pscp?reqCode=viewCn&amp;idDoc=102417772&amp;lawType=<\/a><\/p>\n","protected":false},"excerpt":{"rendered":"<p>L&#8217;Ajuntament de la Bisbal del Pened\u00e8s celebra la Festa Major el 15 d&#8217;agost amb una gran diversitat d&#8217;actes al llarg d&#8217;una setmana. Amb l&#8217;objectiu de garantir la seguretat de les &hellip; <a href=\"https:\/\/bisbalpenedes.com\/web\/2022\/06\/02\/es-licita-el-servei-de-seguretat-i-control-daccessos-per-als-actes-de-la-festa-major\/\" class=\"more-link\">Read More<\/a><\/p>\n","protected":false},"author":4,"featured_media":22055,"comment_status":"closed","ping_status":"closed","sticky":false,"template":"","format":"standard","meta":[],"categories":[4668,8],"tags":[459,280,50,393,5304,5303,452],"_links":{"self":[{"href":"https:\/\/bisbalpenedes.com\/web\/wp-json\/wp\/v2\/posts\/22054"}],"collection":[{"href":"https:\/\/bisbalpenedes.com\/web\/wp-json\/wp\/v2\/posts"}],"about":[{"href":"https:\/\/bisbalpenedes.com\/web\/wp-json\/wp\/v2\/types\/post"}],"author":[{"embeddable":true,"href":"https:\/\/bisbalpenedes.com\/web\/wp-json\/wp\/v2\/users\/4"}],"replies":[{"embeddable":true,"href":"https:\/\/bisbalpenedes.com\/web\/wp-json\/wp\/v2\/comments?post=22054"}],"version-history":[{"count":1,"href":"https:\/\/bisbalpenedes.com\/web\/wp-json\/wp\/v2\/posts\/22054\/revisions"}],"predecessor-version":[{"id":22056,"href":"https:\/\/bisbalpenedes.com\/web\/wp-json\/wp\/v2\/posts\/22054\/revisions\/22056"}],"wp:featuredmedia":[{"embeddable":true,"href":"https:\/\/bisbalpenedes.com\/web\/wp-json\/wp\/v2\/media\/22055"}],"wp:attachment":[{"href":"https:\/\/bisbalpenedes.com\/web\/wp-json\/wp\/v2\/media?parent=22054"}],"wp:term":[{"taxonomy":"category","embeddable":true,"href":"https:\/\/bisbalpenedes.com\/web\/wp-json\/wp\/v2\/categories?post=22054"},{"taxonomy":"post_tag","embeddable":true,"href":"https:\/\/bisbalpenedes.com\/web\/wp-json\/wp\/v2\/tags?post=22054"}],"curies":[{"name":"wp","href":"https:\/\/api.w.org\/{rel}","templated":true}]}}