{"id":22049,"date":"2022-06-02T10:59:55","date_gmt":"2022-06-02T08:59:55","guid":{"rendered":"https:\/\/bisbalpenedes.com\/web\/?p=22049"},"modified":"2022-06-02T11:00:50","modified_gmt":"2022-06-02T09:00:50","slug":"saprova-definitivament-el-projecte-de-remodelacio-i-ampliacio-del-poliesportiu-municipal-recentment-modificat","status":"publish","type":"post","link":"https:\/\/bisbalpenedes.com\/web\/2022\/06\/02\/saprova-definitivament-el-projecte-de-remodelacio-i-ampliacio-del-poliesportiu-municipal-recentment-modificat\/","title":{"rendered":"S&#8217;aprova definitivament el projecte de remodelaci\u00f3 i ampliaci\u00f3 del poliesportiu municipal recentment modificat"},"content":{"rendered":"\n<figure class=\"wp-block-embed is-type-video is-provider-youtube wp-block-embed-youtube wp-embed-aspect-16-9 wp-has-aspect-ratio\"><div class=\"wp-block-embed__wrapper\">\n<iframe loading=\"lazy\" title=\"Proposta Ordre del dia Junta de Govern local de 30 de maig de 2022 amb compet\u00e8ncia delegada del Ple\" width=\"1170\" height=\"658\" src=\"https:\/\/www.youtube.com\/embed\/-lcvjv-6xtM?feature=oembed\" frameborder=\"0\" allow=\"accelerometer; autoplay; clipboard-write; encrypted-media; gyroscope; picture-in-picture\" allowfullscreen><\/iframe>\n<\/div><\/figure>\n\n\n\n<p>La Junta de Govern Local del dilluns 30 de maig va aprovar una proposta amb compet\u00e8ncia del Ple delegada a la Junta de Govern:<\/p>\n\n\n\n<ul><li>Desistiment de l\u2019al\u00b7legaci\u00f3 presentada i aprovaci\u00f3 definitiva de la modificaci\u00f3 del projecte de remodelaci\u00f3 i ampliaci\u00f3 del poliesportiu municipal (fases 1.1. i 1.2)<\/li><\/ul>\n\n\n\n<p>A finals del mes de mar\u00e7 es va aprovar inicialment la modificaci\u00f3 del projecte de la fase 1 de la remodelaci\u00f3 i ampliaci\u00f3 del poliesportiu municipal. La modificaci\u00f3 consisteix en la revisi\u00f3 dels amidaments, el pressupost i els pl\u00e0nols i, aquesta, ha estat en exposici\u00f3 p\u00fablica durant 30 dies, durant els quals s&#8217;han presentat tres al\u00b7legacions. La Junta de Govern del 30 de maig de 2022 ha aprovat desestimar les tres al\u00b7legacions presentades a l&#8217;Ajuntament per par del president de l&#8217;entitat Club Segle XX. La regidora d&#8217;Esports, Leo Uceda, ha explicat en qu\u00e8 consistien les al\u00b7legacions i els motius pels quals s&#8217;han desestimat:<\/p>\n\n\n\n<div class=\"wp-container-1 wp-block-group\"><div class=\"wp-block-group__inner-container\">\n<p><em>&#8221; a) Al\u00b7legaci\u00f3: que \u00e9s il\u00b7l\u00edcita l\u2019adjudicaci\u00f3 de l\u2019enc\u00e0rrec de modificaci\u00f3 del projecte. Es desestima perqu\u00e8 la contractaci\u00f3 d\u2019aquesta modificaci\u00f3 de projecte al Sr. Anton P\u00e0mies Martorell, s\u2019adequa a l\u2019article 118 de la Llei 9\/2017, del 8 de novembre, de contractes del sector p\u00fablic, i a les Bases d\u2019execuci\u00f3 del pressupost vigents.<br>b) Al\u00b7legaci\u00f3: que el projecte i aquesta modificaci\u00f3 no s\u2019ajusten al concurs d\u2019idees; Es desestima perqu\u00e8 la difer\u00e8ncia amb el concurs d\u2019idees \u00e9s que al concurs d\u2019idees els vestuaris del pavell\u00f3 anaven sota terra i al projecte, per evitar bombejar aigua i clavegueram i evitar humitats, es va considerar fer una nova construcci\u00f3 al costat del pavell\u00f3. Aquesta decisi\u00f3 no suposa, en cap cas, una infracci\u00f3 de l\u2019ordenament jur\u00eddic.<\/em><\/p>\n\n\n\n<p>c) Al\u00b7legaci\u00f3: que no es pot aprovar perqu\u00e8 hi ha un arrendatari (Club Siglo XX) sobre una part afectada per l\u2019execuci\u00f3 del projecte. Es desestima perqu\u00e8, segons s\u2019ha assenyalat a l\u2019acta de<br>replanteig del projecte de juny de 2021; les obres de la fase 1 no afecten a cap part afectada&#8221;.<\/p>\n<\/div><\/div>\n\n\n\n<p>Tenint en compte aquestes desestimacions, el projecte de la fase 1 de la remodelaci\u00f3 i ampliaci\u00f3 del poliesportiu municipal ha quedat aprovat definitivament.<\/p>\n\n\n\n<p>La regidora d&#8217;Esports tamb\u00e9 ha explicat que <em>&#8220;ara treballem en la redacci\u00f3 dels plecs de cl\u00e0usules per aprovar, el m\u00e9s aviat possible, la licitaci\u00f3 de les obres de la fase 1&#8221;.<\/em><\/p>\n\n\n\n<p>Val a dir que les sessions de la Junta de Govern Local no s\u00f3n p\u00fabliques, per\u00f2 quan actua amb compet\u00e8ncies delegades del Ple -com en aquest cas- la sessi\u00f3 se sotmet als mateixos requisits de publicitat que les sessions del Ple, que s\u00f3n p\u00fabliques. Aix\u00ed ho va declarar la STS 161\/2013, de 26 de setembre. Per aquest motiu,&nbsp;el dilluns 30 de maig, a les 18:40h, es van obrir les portes de la sala de Plens perqu\u00e8, qui ho desitg\u00e9s, pogu\u00e9s assistir com a p\u00fablica l\u2019explicaci\u00f3 i votaci\u00f3 d\u2019aquests punts de la Junta de Govern. Per tot plegat, pr\u00e8viament es va fer arribar la informaci\u00f3 d\u2019aquesta proposta als regidors i regidores de l\u2019oposici\u00f3, convidant-los\/les a assistir com a p\u00fablic. Tot i que aquests punts es van obrir a l\u2019assist\u00e8ncia de p\u00fablic, tamb\u00e9 es van gravar i&nbsp;s\u2019ha publicat el v\u00eddeo d\u2019aquest punt a <a href=\"https:\/\/youtu.be\/-lcvjv-6xtM\">Youtube<\/a> per garantir la seva publicitat.<\/p>\n\n\n\n<hr class=\"wp-block-separator has-alpha-channel-opacity\"\/>\n\n\n\n<p><strong>CATELLANO |<\/strong> La Junta de Gobierno Local del lunes 30 de mayo aprob\u00f3 una propuesta con competencia del Pleno delegada a la Junta de Gobierno:<\/p>\n\n\n\n<ul><li>Desistimiento de la alegaci\u00f3n presentada y aprobaci\u00f3n definitiva de la modificaci\u00f3n del proyecto de remodelaci\u00f3n y ampliaci\u00f3n del polideportivo municipal (fases 1.1. y 1.2.)<\/li><\/ul>\n\n\n\n<p>A finales de marzo se aprob\u00f3 inicialmente la modificaci\u00f3n del proyecto de la fase 1 de la remodelaci\u00f3n y ampliaci\u00f3n del polideportivo municipal. La modificaci\u00f3n consiste en la revisi\u00f3n de las mediciones, el presupuesto y los planos y, esta, ha estado en exposici\u00f3n p\u00fablica durante 30 d\u00edas, durante los cuales se han presentado tres alegaciones. La Junta de Gobierno del 30 de mayo de 2022 ha aprobado desestimar las tres alegaciones presentadas en el Ayuntamiento por parte del presidente de la entidad Club Siglo XX. La concejala de Deportes, Leo Uceda, ha explicado en qu\u00e9 consist\u00edan las alegaciones y los motivos por los cuales se han desestimado:<\/p>\n\n\n\n<div class=\"wp-container-2 wp-block-group\"><div class=\"wp-block-group__inner-container\">\n<p>&#8220;a) Alegaci\u00f3n: que es il\u00edcita la adjudicaci\u00f3n del encargo de modificaci\u00f3n del proyecto. Se desestima porque la contrataci\u00f3n de esta modificaci\u00f3n de proyecto al Sr. Anton P\u00e0mies Martorell, se adecua al art\u00edculo 118 de la Ley 9\/2017, de 8 de noviembre, de contratos del sector p\u00fablico, y a las Bases de ejecuci\u00f3n del presupuesto vigentes.<\/p>\n\n\n\n<p>b) Alegaci\u00f3n: que el proyecto y esta modificaci\u00f3n no se ajustan al concurso de ideas; Se desestima porque la diferencia con el concurso de ideas es que en el concurso de ideas los vestuarios del pabell\u00f3n iban bajo tierra y en el proyecto, para evitar bombear agua y alcantarillado y evitar humedades, se consider\u00f3 hacer una nueva construcci\u00f3n al lado del pabell\u00f3n. Esta decisi\u00f3n no supone, en ning\u00fan caso, una infracci\u00f3n del ordenamiento jur\u00eddico.<\/p>\n\n\n\n<p>c) Alegaci\u00f3n: que no se puede aprobar porque hay un arrendatario (Club Siglo XX) sobre una parte afectada por la ejecuci\u00f3n del proyecto. Se desestima porque, seg\u00fan se ha se\u00f1alado en el acta de replanteo del proyecto de junio de 2021; las obras de la fase 1 no afectan a ninguna parte afectada&#8221;.<\/p>\n<\/div><\/div>\n\n\n\n<p>Teniendo en cuenta estas desestimaciones, el proyecto de la fase 1 de la remodelaci\u00f3n y ampliaci\u00f3n del polideportivo municipal ha quedado aprobada definitivamente.<\/p>\n\n\n\n<p>La concejala de Deportes tambi\u00e9n ha explicado que <em>&#8220;ahora trabajamos en la redacci\u00f3n de los pliegos de cl\u00e1usulas para aprobar, lo antes posible, la licitaci\u00f3n de las obras de la fase 1&#8221;.<\/em><\/p>\n\n\n\n<p>Cabe decir que las sesiones de la Junta de Gobierno Local no son p\u00fablicas, pero cuando act\u00faa con competencias delegadas del Pleno -como en este caso- la sesi\u00f3n se somete a los mismos requisitos de publicidad que las sesiones del Pleno, que son p\u00fablicas. As\u00ed lo declar\u00f3 la STS 161\/2013, de 26 de septiembre. Por este motivo,&nbsp;el lunes 30 de mayo, a las 18:40h, se abrieron las puertas de la sala de Plenos para que, quien lo desease, pudiese asistir como p\u00fablico&nbsp;a la explicaci\u00f3n y votaci\u00f3n de estos puntos de la Junta de Gobierno. Por todo ello, previamente se les hizo llegar la informaci\u00f3n de esta propuesta a los concejales y concejalas de la oposici\u00f3n, invit\u00e1ndoles\/las a asistir como p\u00fablico. Aunque estos puntos se abrieron a la asistencia de p\u00fablico, tambi\u00e9n se grabaron y&nbsp;se ha publicado el v\u00eddeo de este punto en <a href=\"https:\/\/youtu.be\/-lcvjv-6xtM\">Youtube<\/a> para garantizar su publicidad.<\/p>\n","protected":false},"excerpt":{"rendered":"<p>La Junta de Govern Local del dilluns 30 de maig va aprovar una proposta amb compet\u00e8ncia del Ple delegada a la Junta de Govern: Desistiment de l\u2019al\u00b7legaci\u00f3 presentada i aprovaci\u00f3 &hellip; <a href=\"https:\/\/bisbalpenedes.com\/web\/2022\/06\/02\/saprova-definitivament-el-projecte-de-remodelacio-i-ampliacio-del-poliesportiu-municipal-recentment-modificat\/\" class=\"more-link\">Read More<\/a><\/p>\n","protected":false},"author":4,"featured_media":22050,"comment_status":"closed","ping_status":"closed","sticky":false,"template":"","format":"standard","meta":[],"categories":[3085,8],"tags":[686,393,5302,483,484,2445],"_links":{"self":[{"href":"https:\/\/bisbalpenedes.com\/web\/wp-json\/wp\/v2\/posts\/22049"}],"collection":[{"href":"https:\/\/bisbalpenedes.com\/web\/wp-json\/wp\/v2\/posts"}],"about":[{"href":"https:\/\/bisbalpenedes.com\/web\/wp-json\/wp\/v2\/types\/post"}],"author":[{"embeddable":true,"href":"https:\/\/bisbalpenedes.com\/web\/wp-json\/wp\/v2\/users\/4"}],"replies":[{"embeddable":true,"href":"https:\/\/bisbalpenedes.com\/web\/wp-json\/wp\/v2\/comments?post=22049"}],"version-history":[{"count":2,"href":"https:\/\/bisbalpenedes.com\/web\/wp-json\/wp\/v2\/posts\/22049\/revisions"}],"predecessor-version":[{"id":22052,"href":"https:\/\/bisbalpenedes.com\/web\/wp-json\/wp\/v2\/posts\/22049\/revisions\/22052"}],"wp:featuredmedia":[{"embeddable":true,"href":"https:\/\/bisbalpenedes.com\/web\/wp-json\/wp\/v2\/media\/22050"}],"wp:attachment":[{"href":"https:\/\/bisbalpenedes.com\/web\/wp-json\/wp\/v2\/media?parent=22049"}],"wp:term":[{"taxonomy":"category","embeddable":true,"href":"https:\/\/bisbalpenedes.com\/web\/wp-json\/wp\/v2\/categories?post=22049"},{"taxonomy":"post_tag","embeddable":true,"href":"https:\/\/bisbalpenedes.com\/web\/wp-json\/wp\/v2\/tags?post=22049"}],"curies":[{"name":"wp","href":"https:\/\/api.w.org\/{rel}","templated":true}]}}