{"id":22046,"date":"2022-06-02T10:39:36","date_gmt":"2022-06-02T08:39:36","guid":{"rendered":"https:\/\/bisbalpenedes.com\/web\/?p=22046"},"modified":"2022-06-02T10:39:36","modified_gmt":"2022-06-02T08:39:36","slug":"es-licita-es-servei-de-redaccio-disseny-maquetacio-i-impressio-del-butlleti-municipal","status":"publish","type":"post","link":"https:\/\/bisbalpenedes.com\/web\/2022\/06\/02\/es-licita-es-servei-de-redaccio-disseny-maquetacio-i-impressio-del-butlleti-municipal\/","title":{"rendered":"Es licita es servei de redacci\u00f3, disseny, maquetaci\u00f3 i impressi\u00f3 del butllet\u00ed municipal"},"content":{"rendered":"\n<p>L&#8217;Ajuntament de la Bisbal del Pened\u00e8s licita el servei de redacci\u00f3, disseny, maquetaci\u00f3 i impressi\u00f3 del butllet\u00ed municipal amb l&#8217;objectiu d&#8217;informar la ciutadania de l&#8217;acci\u00f3 de l&#8217;administraci\u00f3 municipal, aix\u00ed com de les activitats programades i de qualsevol informaci\u00f3 que sigui d&#8217;inter\u00e8s de la ciutadania.<\/p>\n\n\n\n<p>El termini per presentar-se a aquesta licitaci\u00f3 finalitza el 16 de juny a les 14h.<\/p>\n\n\n\n<p>La licitaci\u00f3 \u00e9s per a un termini de dos anys + pr\u00f2rroga de 2 anys per un import anual de 22.880,02\u20ac (IVA incl\u00f2s) i inclou la publicaci\u00f3 de sis revistes l&#8217;any d&#8217;unes 20 p\u00e0gines.<\/p>\n\n\n\n<p>Des del setembre de 2015 s&#8217;ha editat peri\u00f2dicament la revista municipal Torre de Guaita, a trav\u00e9s d&#8217;una empresa contractada externament. Ara, es tira endavant la contractaci\u00f3 amb la licitaci\u00f3 d&#8217;un contracte per tal de potenciar i adaptar els serveis de redacci\u00f3, disseny, maquetaci\u00f3 i impressi\u00f3 de la revista municipal a les necessitats actuals del municipi. Les tasques s&#8217;han de realitzar puntualment i correctament en terminis redu\u00efts de temps i requereixen la formaci\u00f3, dedicaci\u00f3, capacitat i experi\u00e8ncia necess\u00e0ria en cadascun dels seus \u00e0mbits.<\/p>\n\n\n\n<p>Enlla\u00e7 al perfil del contractant: <a href=\"https:\/\/contractaciopublica.gencat.cat\/ecofin_pscp\/AppJava\/notice.pscp?reqCode=viewCn&amp;idDoc=102355052&amp;lawType=\">https:\/\/contractaciopublica.gencat.cat\/ecofin_pscp\/AppJava\/notice.pscp?reqCode=viewCn&amp;idDoc=102355052&amp;lawType=<\/a><\/p>\n\n\n\n<hr class=\"wp-block-separator has-alpha-channel-opacity\"\/>\n\n\n\n<p>El Ayuntamiento de la Bisbal del Pened\u00e8s licita el servicio de redacci\u00f3n, dise\u00f1o, maquetaci\u00f3n e impresi\u00f3n del bolet\u00edn municipal con el objetivo de informar a la ciudadan\u00eda de la acci\u00f3n de la administraci\u00f3n municipal, as\u00ed como de las actividades programadas y de cualquier informaci\u00f3n que sea de inter\u00e9s de la ciudadan\u00eda.<\/p>\n\n\n\n<p>El plazo para presentarse en esta licitaci\u00f3n finaliza el 16 de junio a las 14h.<\/p>\n\n\n\n<p>La licitaci\u00f3n es para un plazo de dos a\u00f1os + pr\u00f3rroga de 2 a\u00f1os por un importe anual de 22.880,02\u20ac (IVA incluido) e incluye la publicaci\u00f3n de seis revistas al a\u00f1o de unas 20 p\u00e1ginas.<\/p>\n\n\n\n<p>Desde septiembre de 2015 se ha editado peri\u00f3dicamente la revista municipal Torre de Guaita, a trav\u00e9s de una empresa contratada externamente. Ahora, se lleva a cabo la contrataci\u00f3n con la licitaci\u00f3n de un contrato con tal de potenciar y adaptar los servicios de redacci\u00f3n, dise\u00f1o, maquetaci\u00f3n e impresi\u00f3n de la revista municipal a las necesidades actuales del municipio. Las tareas se deben realizar puntualmente y correctamente en plazos de tiempo reducidos y requieren de la formaci\u00f3n, dedicaci\u00f3n, capacidad y experiencia necesaria en cada uno de sus \u00e1mbitos.<\/p>\n\n\n\n<p>Enlace al perfil del contratante: <a href=\"https:\/\/contractaciopublica.gencat.cat\/ecofin_pscp\/AppJava\/notice.pscp?reqCode=viewCn&amp;idDoc=102355052&amp;lawType=\">https:\/\/contractaciopublica.gencat.cat\/ecofin_pscp\/AppJava\/notice.pscp?reqCode=viewCn&amp;idDoc=102355052&amp;lawType=<\/a><\/p>\n","protected":false},"excerpt":{"rendered":"<p>L&#8217;Ajuntament de la Bisbal del Pened\u00e8s licita el servei de redacci\u00f3, disseny, maquetaci\u00f3 i impressi\u00f3 del butllet\u00ed municipal amb l&#8217;objectiu d&#8217;informar la ciutadania de l&#8217;acci\u00f3 de l&#8217;administraci\u00f3 municipal, aix\u00ed com &hellip; <a href=\"https:\/\/bisbalpenedes.com\/web\/2022\/06\/02\/es-licita-es-servei-de-redaccio-disseny-maquetacio-i-impressio-del-butlleti-municipal\/\" class=\"more-link\">Read More<\/a><\/p>\n","protected":false},"author":4,"featured_media":22047,"comment_status":"closed","ping_status":"closed","sticky":false,"template":"","format":"standard","meta":[],"categories":[3278,8],"tags":[5301,393,267,1447,2609,2608],"_links":{"self":[{"href":"https:\/\/bisbalpenedes.com\/web\/wp-json\/wp\/v2\/posts\/22046"}],"collection":[{"href":"https:\/\/bisbalpenedes.com\/web\/wp-json\/wp\/v2\/posts"}],"about":[{"href":"https:\/\/bisbalpenedes.com\/web\/wp-json\/wp\/v2\/types\/post"}],"author":[{"embeddable":true,"href":"https:\/\/bisbalpenedes.com\/web\/wp-json\/wp\/v2\/users\/4"}],"replies":[{"embeddable":true,"href":"https:\/\/bisbalpenedes.com\/web\/wp-json\/wp\/v2\/comments?post=22046"}],"version-history":[{"count":1,"href":"https:\/\/bisbalpenedes.com\/web\/wp-json\/wp\/v2\/posts\/22046\/revisions"}],"predecessor-version":[{"id":22048,"href":"https:\/\/bisbalpenedes.com\/web\/wp-json\/wp\/v2\/posts\/22046\/revisions\/22048"}],"wp:featuredmedia":[{"embeddable":true,"href":"https:\/\/bisbalpenedes.com\/web\/wp-json\/wp\/v2\/media\/22047"}],"wp:attachment":[{"href":"https:\/\/bisbalpenedes.com\/web\/wp-json\/wp\/v2\/media?parent=22046"}],"wp:term":[{"taxonomy":"category","embeddable":true,"href":"https:\/\/bisbalpenedes.com\/web\/wp-json\/wp\/v2\/categories?post=22046"},{"taxonomy":"post_tag","embeddable":true,"href":"https:\/\/bisbalpenedes.com\/web\/wp-json\/wp\/v2\/tags?post=22046"}],"curies":[{"name":"wp","href":"https:\/\/api.w.org\/{rel}","templated":true}]}}